{"id":1918,"date":"2011-06-22T22:53:53","date_gmt":"2011-06-22T21:53:53","guid":{"rendered":"http:\/\/www.caths.cz\/wordpress\/?p=1918"},"modified":"2011-06-22T22:53:53","modified_gmt":"2011-06-22T21:53:53","slug":"propozice-na-dalsi-kolo-ceskeho-poharu-horskych-kol-handicapovanych-cyklistu","status":"publish","type":"post","link":"https:\/\/www.caths.cz\/wordpress\/propozice-na-dalsi-kolo-ceskeho-poharu-horskych-kol-handicapovanych-cyklistu\/","title":{"rendered":"Propozice na dal\u0161\u00ed kolo \u010cesk\u00e9ho poh\u00e1ru horsk\u00fdch kol handicapovan\u00fdch cyklist\u016f"},"content":{"rendered":"<p align=\"justify\">\n<p>P\u0159in\u00e1\u0161\u00edme v\u00e1m propozice na dal\u0161\u00ed podnik \u010cesk\u00e9ho poh\u00e1ru horsk\u00fdch kol<br \/>\nhandicapovan\u00fdch cyklist\u016f. Tentokr\u00e1t pojedeme kr\u00e1snou a specifickou Polabskou n\u00ed\u017einou, tak poje\u010fte s n\u00e1mi &#8211; Hou\u0161teck\u00fd cyklomaraton!<\/p>\n<p><strong>TZB \u2013 info HOU\u0160TECK\u00dd CYKLOMARATON<br \/> PROPOZICE \u010cP MTB HANDICAP<\/strong><\/p>\n<p> V r\u00e1mci poh\u00e1ru jsou na trati 58 km vyps\u00e1ny tyto kategorie:<\/p>\n<p> 1. Kategorie: C4 a C5 (leh\u010d\u00ed handicap, nap\u0159. amputace ruky, \u010di nohy v podkolen\u00ed)<br \/> 2. Kategorie: C1, C2 a C3 (t\u011b\u017e\u0161\u00ed handicap, nap\u0159. stehenn\u00ed amputace, nebo kombinace posti\u017een\u00ed)<br \/> 3. Kategorie: Tandem s nevidom\u00fdm<br \/> A na trase 25 km kategorie HANDBIKE.<br \/> V\u0161echny tyto kategorie se d\u00e1le d\u011bl\u00ed na mu\u017ee a \u017eeny. <\/p>\n<p> Organiz\u00e1tor z\u00e1vodu zve v\u0161echny handicapovan\u00e9 a jako projev ocen\u011bn\u00ed sportovn\u00edch v\u00fdkon\u016f nab\u00edz\u00ed startovn\u00e9 zdarma.<\/p>\n<p> P\u0159ihl\u00e1sit se k z\u00e1vodu m\u016f\u017eete p\u0159edem na cernikone@email.cz , nebo p\u0159\u00edmo na m\u00edst\u011b z\u00e1vodu, a to v sobotu 25.6.2011 od 7:00 do 9:30 ve stanu \u010cern\u00fdch kon\u00ed. <\/p>\n<p> Prezentace je v letn\u00edm kin\u011b ve Star\u00e9 Boleslavi (Hou\u0161tka). <\/p>\n<p> \u0158azen\u00ed na startu prob\u00edh\u00e1 dle pravidel organiz\u00e1tora z\u00e1vodu a startovn\u00ed v\u00fdst\u0159el bude v 10:30. Jezdci na handbiku (ru\u010dn\u00ed kolo) budou startovat z posledn\u00edch pozic, a to z d\u016fvodu bezpe\u010dnosti.<\/p>\n<p> Z\u00e1vodn\u00edci startuj\u00ed na vlastn\u00ed nebezpe\u010d\u00ed. Z\u00e1vod se jede za pln\u00e9ho silni\u010dn\u00edho provozu a z\u00e1vodn\u00edci jsou povinni dodr\u017eovat jeho pravidla a pokyny po\u0159adatel\u016f. Povinn\u00e1 je bezpe\u010dnostn\u00ed p\u0159ilba. Doporu\u010dujeme l\u00e9ka\u0159skou prohl\u00eddku a \u00farazov\u00e9 poji\u0161t\u011bn\u00ed pro den z\u00e1vodu.<\/p>\n<p> Pravidla \u010cP a bodov\u00e9 hodnocen\u00ed naleznete na www.cernikone.cz<br \/> Web z\u00e1vodu: www.cyklocelakovice.cz <br \/> Pro v\u00edce informac\u00ed, nebo pro p\u0159ihl\u00e1\u0161en\u00ed p\u0159edem kontaktujte Tom\u00e1\u0161e Poucha.<br \/> cernikone@email.cz<br \/> 777 058 538<\/p>\n","protected":false},"excerpt":{"rendered":"<a href=\"https:\/\/www.caths.cz\/wordpress\/propozice-na-dalsi-kolo-ceskeho-poharu-horskych-kol-handicapovanych-cyklistu\/\"><img loading=\"lazy\" decoding=\"async\" width=\"100\" height=\"100\" src=\"https:\/\/www.caths.cz\/wordpress\/wp-content\/plugins\/thumbnail-for-excerpts\/tfe_no_thumb.png\" class=\"alignleft wp-post-image tfe\" alt=\"\" title=\"\" \/><\/a><p>P\u0159in\u00e1\u0161\u00edme v\u00e1m propozice na dal\u0161\u00ed podnik \u010cesk\u00e9ho poh\u00e1ru horsk\u00fdch kol handicapovan\u00fdch cyklist\u016f. Tentokr\u00e1t pojedeme kr\u00e1snou a specifickou Polabskou n\u00ed\u017einou, tak poje\u010fte s n\u00e1mi &#8211; Hou\u0161teck\u00fd cyklomaraton! TZB \u2013 info HOU\u0160TECK\u00dd [&hellip;]<\/p>\n","protected":false},"author":1,"featured_media":0,"comment_status":"closed","ping_status":"closed","sticky":false,"template":"","format":"standard","meta":{"ngg_post_thumbnail":0,"footnotes":""},"categories":[40],"tags":[],"class_list":["post-1918","post","type-post","status-publish","format-standard","hentry","category-pojed-s-nami"],"_links":{"self":[{"href":"https:\/\/www.caths.cz\/wordpress\/wp-json\/wp\/v2\/posts\/1918","targetHints":{"allow":["GET"]}}],"collection":[{"href":"https:\/\/www.caths.cz\/wordpress\/wp-json\/wp\/v2\/posts"}],"about":[{"href":"https:\/\/www.caths.cz\/wordpress\/wp-json\/wp\/v2\/types\/post"}],"author":[{"embeddable":true,"href":"https:\/\/www.caths.cz\/wordpress\/wp-json\/wp\/v2\/users\/1"}],"replies":[{"embeddable":true,"href":"https:\/\/www.caths.cz\/wordpress\/wp-json\/wp\/v2\/comments?post=1918"}],"version-history":[{"count":0,"href":"https:\/\/www.caths.cz\/wordpress\/wp-json\/wp\/v2\/posts\/1918\/revisions"}],"wp:attachment":[{"href":"https:\/\/www.caths.cz\/wordpress\/wp-json\/wp\/v2\/media?parent=1918"}],"wp:term":[{"taxonomy":"category","embeddable":true,"href":"https:\/\/www.caths.cz\/wordpress\/wp-json\/wp\/v2\/categories?post=1918"},{"taxonomy":"post_tag","embeddable":true,"href":"https:\/\/www.caths.cz\/wordpress\/wp-json\/wp\/v2\/tags?post=1918"}],"curies":[{"name":"wp","href":"https:\/\/api.w.org\/{rel}","templated":true}]}}