{"id":1917,"date":"2011-06-22T00:23:13","date_gmt":"2011-06-21T23:23:13","guid":{"rendered":"http:\/\/www.caths.cz\/wordpress\/?p=1917"},"modified":"2011-06-22T00:23:13","modified_gmt":"2011-06-21T23:23:13","slug":"plavci-se-soustredi-na-mistrovstvi-evropy-na-kanarech","status":"publish","type":"post","link":"https:\/\/www.caths.cz\/wordpress\/plavci-se-soustredi-na-mistrovstvi-evropy-na-kanarech\/","title":{"rendered":"Plavci se soust\u0159ed\u00ed na mistrovstv\u00ed Evropy na Kan\u00e1rech"},"content":{"rendered":"<p align=\"justify\">Na z\u00e1v\u011bre\u010dn\u00e9 soust\u0159ed\u011bn\u00ed p\u0159ed leto\u0161n\u00edmi ME ( Berlin 3. \u2013 10.6.) vyrazili nominovan\u00ed plavci do sportovn\u00edho st\u0159ediska na Kan\u00e1rsk\u00fdch ostrovech &#8211; Tenerife. V t\u00fdmu jsou Kate\u0159iny Kuldov\u00e1 a Kom\u00e1rkov\u00e1, Filip Coufal, Jan Pov\u00fd\u0161il a Arno\u0161t Petr\u00e1\u010dek.<\/p>\n<p align=\"justify\">Po dvou dnech na\u0161eho pobytu m\u00e1me za sebou 6 tr\u00e9nink\u016f ( ve vod\u011b i v posilovn\u011b). Celkov\u011b se d\u00e1 \u0159\u00edct, \u017ee plavci \u201e jenom\u201c tr\u00e9nuj\u00ed, hodn\u011b sp\u00ed, dob\u0159e j\u00ed a chod\u00ed k mo\u0159i na proch\u00e1zky. U\u017e\u00edv\u00e1me si kr\u00e1sn\u00fd hotel, \u00fa\u017easn\u00fd sportovn\u00ed are\u00e1l se baz\u00e9nem a chyt\u00e1me barvu do z\u00e1vodn\u00edch plavek, kter\u00e9 se za n\u011bkolik dn\u016f obl\u00e9knou na ME v Berl\u00edn\u011b.<br \/> V\u0161echny V\u00e1s zdrav\u00edme.<\/p>\n<p> Foto : Jan Pov\u00fd\u0161il<\/p>\n<p> <img decoding=\"async\" src=\"\/wordpress\/image\/sekretarky\/001.JPG\"><\/p>\n<p> <img decoding=\"async\" src=\"\/wordpress\/image\/sekretarky\/002.jpg\"><\/p>\n<p> <img decoding=\"async\" src=\"\/wordpress\/image\/sekretarky\/003.jpg\"><\/p>\n<p> <img decoding=\"async\" src=\"\/wordpress\/image\/sekretarky\/004.jpg\"><\/p>\n<p> <img decoding=\"async\" src=\"\/wordpress\/image\/sekretarky\/005.jpg\"><\/p>\n","protected":false},"excerpt":{"rendered":"<a href=\"https:\/\/www.caths.cz\/wordpress\/plavci-se-soustredi-na-mistrovstvi-evropy-na-kanarech\/\"><img loading=\"lazy\" decoding=\"async\" width=\"100\" height=\"100\" src=\"https:\/\/www.caths.cz\/wordpress\/wp-content\/plugins\/thumbnail-for-excerpts\/tfe_no_thumb.png\" class=\"alignleft wp-post-image tfe\" alt=\"\" title=\"\" \/><\/a><p>Na z\u00e1v\u011bre\u010dn\u00e9 soust\u0159ed\u011bn\u00ed p\u0159ed leto\u0161n\u00edmi ME ( Berlin 3. \u2013 10.6.) vyrazili nominovan\u00ed plavci do sportovn\u00edho st\u0159ediska na Kan\u00e1rsk\u00fdch ostrovech &#8211; Tenerife. V t\u00fdmu jsou Kate\u0159iny Kuldov\u00e1 a Kom\u00e1rkov\u00e1, Filip [&hellip;]<\/p>\n","protected":false},"author":1,"featured_media":0,"comment_status":"closed","ping_status":"closed","sticky":false,"template":"","format":"standard","meta":{"ngg_post_thumbnail":0,"footnotes":""},"categories":[15],"tags":[],"class_list":["post-1917","post","type-post","status-publish","format-standard","hentry","category-plavani"],"_links":{"self":[{"href":"https:\/\/www.caths.cz\/wordpress\/wp-json\/wp\/v2\/posts\/1917","targetHints":{"allow":["GET"]}}],"collection":[{"href":"https:\/\/www.caths.cz\/wordpress\/wp-json\/wp\/v2\/posts"}],"about":[{"href":"https:\/\/www.caths.cz\/wordpress\/wp-json\/wp\/v2\/types\/post"}],"author":[{"embeddable":true,"href":"https:\/\/www.caths.cz\/wordpress\/wp-json\/wp\/v2\/users\/1"}],"replies":[{"embeddable":true,"href":"https:\/\/www.caths.cz\/wordpress\/wp-json\/wp\/v2\/comments?post=1917"}],"version-history":[{"count":0,"href":"https:\/\/www.caths.cz\/wordpress\/wp-json\/wp\/v2\/posts\/1917\/revisions"}],"wp:attachment":[{"href":"https:\/\/www.caths.cz\/wordpress\/wp-json\/wp\/v2\/media?parent=1917"}],"wp:term":[{"taxonomy":"category","embeddable":true,"href":"https:\/\/www.caths.cz\/wordpress\/wp-json\/wp\/v2\/categories?post=1917"},{"taxonomy":"post_tag","embeddable":true,"href":"https:\/\/www.caths.cz\/wordpress\/wp-json\/wp\/v2\/tags?post=1917"}],"curies":[{"name":"wp","href":"https:\/\/api.w.org\/{rel}","templated":true}]}}