{"id":1916,"date":"2011-06-21T07:34:16","date_gmt":"2011-06-21T06:34:16","guid":{"rendered":"http:\/\/www.caths.cz\/wordpress\/?p=1916"},"modified":"2011-06-21T07:34:16","modified_gmt":"2011-06-21T06:34:16","slug":"uz-zname-nove-mistry-ceske-republiky-v-maratonu-horskych-kol","status":"publish","type":"post","link":"https:\/\/www.caths.cz\/wordpress\/uz-zname-nove-mistry-ceske-republiky-v-maratonu-horskych-kol\/","title":{"rendered":"U\u017e zn\u00e1me nov\u00e9 mistry \u010cesk\u00e9 republiky v maratonu horsk\u00fdch kol"},"content":{"rendered":"<p align=\"justify\">\nPo\u010das\u00ed si podobn\u011b jako to lo\u0148sk\u00e9 usmyslelo, \u017ee z\u00e1vody trochu vylep\u0161\u00ed a zdramatizuje. Na\u0161t\u011bst\u00ed se letos nekonaly povodn\u011b, ale i tak byla tra\u0165 par\u00e1dn\u011b promo\u010den\u00e1 a chv\u00edlemi p\u0159ipom\u00ednala sp\u00ed\u0161e bahenn\u00ed l\u00e1zn\u011b. <\/p>\n<p align=\"justify\"><img decoding=\"async\" src=\"\/wordpress\/image\/k_clankum\/malevil11_1.jpg\" ALIGN=\"right\" HSPACE=5 VSPACE=5\"> D\u00edky perfektn\u00ed pr\u00e1ci organiz\u00e1tor\u016f z ran\u010de Malevil, kte\u0159\u00ed nepodcenili p\u0159\u00edpravu trat\u00ed, se vrtochy po\u010das\u00ed p\u0159i z\u00e1vod\u011b projevily jen o trochu del\u0161\u00edmi \u010dasy a bl\u00e1tem (nejen) v obli\u010dej\u00edch z\u00e1vodn\u00edk\u016f.<\/p>\n<p> Na start kategorie Handbikes se postavily dv\u011b d\u00e1my a dva mu\u017ei. <br \/> Trasa, kter\u00e1 vedla p\u0159edev\u0161\u00edm po zpevn\u011bn\u00fdch komunikac\u00edch, byla n\u00e1ro\u010dn\u00e1 hlevn\u011b pro jej\u00ed p\u0159ev\u00fd\u0161en\u00ed. M\u00edst na odpo\u010dinek se na\u0161lo minimum, pokud v\u016fbec n\u011bjak\u00e9. Handbike\u0159i si sv\u00e1 um\u00edst\u011bn\u00ed museli i tentokr\u00e1t poctiv\u011b &#8222;vy\u0161lapat&#8220;. V kategorii \u017een nakonec zv\u00edt\u011bzila Petra Hurtov\u00e1, duel mezi mu\u017ei dopadl l\u00e9pe pro Zde\u0148ka \u0160afr\u00e1nka.<img decoding=\"async\" src=\"\/wordpress\/image\/k_clankum\/malevil11_2.jpg\" ALIGN=\"right\" HSPACE=5 VSPACE=5\"><br \/> Velk\u00fd souboj se odehr\u00e1l na trati 40 km z\u00e1vodu, kde se v kategorii Mu\u017ei Hand 1 o v\u00edt\u011bzstv\u00ed poprali 4 borci z \u010desk\u00e9 kotliny, se kter\u00fdmi zm\u011b\u0159il sv\u00e9 s\u00edly reprezentatnt n\u011bmeck\u00e9 cyklistiky handicapovan\u00fdch, Hubert Lichtenegger.<br \/> Boj o v\u00edt\u011bzstv\u00ed se vedl do posledn\u00edch metr\u016f, kde p\u0159eci jen o trochu v\u00edce sil zbylo Tom\u00e1\u0161i Kajnarovi ze Zlat\u00fdch Hor, kter\u00fd s n\u00e1skokem jedn\u00e9 minuty a dvaceti vte\u0159in slavn\u011b zv\u00edt\u011bzil. Stal se tak ve sv\u00e9 kategorii nejen v\u00edt\u011bzem Malevil cupu, kter\u00fd je sou\u010d\u00e1st\u00ed \u010desk\u00e9ho poh\u00e1ru handicapovan\u00fdch v horsk\u00e9 cyklistice, ale p\u0159edev\u0161\u00edm Mistrem republiky v horsk\u00fdch kolech pro rok 2011.<br \/> V kategorii C2, kde z\u00e1vod\u00ed cyklist\u00e9 s nadkolenn\u00ed amputac\u00ed, si trikot s trikolorou, podobn\u011b jako vloni, odv\u00e1\u017e\u00ed Pavel Tvrd\u00edk.<\/p>\n<p> Kompletn\u00ed v\u00fdsledky <a href=\"http:\/\/www.caths.cz\/storage\/cyklistika\/malevil11.pdf\" target=\"_blank\"> zde<\/a> <\/p>\n","protected":false},"excerpt":{"rendered":"<a href=\"https:\/\/www.caths.cz\/wordpress\/uz-zname-nove-mistry-ceske-republiky-v-maratonu-horskych-kol\/\"><img loading=\"lazy\" decoding=\"async\" width=\"100\" height=\"100\" src=\"https:\/\/www.caths.cz\/wordpress\/wp-content\/plugins\/thumbnail-for-excerpts\/tfe_no_thumb.png\" class=\"alignleft wp-post-image tfe\" alt=\"\" title=\"\" \/><\/a><p>Po\u010das\u00ed si podobn\u011b jako to lo\u0148sk\u00e9 usmyslelo, \u017ee z\u00e1vody trochu vylep\u0161\u00ed a zdramatizuje. Na\u0161t\u011bst\u00ed se letos nekonaly povodn\u011b, ale i tak byla tra\u0165 par\u00e1dn\u011b promo\u010den\u00e1 a chv\u00edlemi p\u0159ipom\u00ednala sp\u00ed\u0161e bahenn\u00ed [&hellip;]<\/p>\n","protected":false},"author":1,"featured_media":0,"comment_status":"closed","ping_status":"closed","sticky":false,"template":"","format":"standard","meta":{"ngg_post_thumbnail":0,"footnotes":""},"categories":[40],"tags":[],"class_list":["post-1916","post","type-post","status-publish","format-standard","hentry","category-pojed-s-nami"],"_links":{"self":[{"href":"https:\/\/www.caths.cz\/wordpress\/wp-json\/wp\/v2\/posts\/1916","targetHints":{"allow":["GET"]}}],"collection":[{"href":"https:\/\/www.caths.cz\/wordpress\/wp-json\/wp\/v2\/posts"}],"about":[{"href":"https:\/\/www.caths.cz\/wordpress\/wp-json\/wp\/v2\/types\/post"}],"author":[{"embeddable":true,"href":"https:\/\/www.caths.cz\/wordpress\/wp-json\/wp\/v2\/users\/1"}],"replies":[{"embeddable":true,"href":"https:\/\/www.caths.cz\/wordpress\/wp-json\/wp\/v2\/comments?post=1916"}],"version-history":[{"count":0,"href":"https:\/\/www.caths.cz\/wordpress\/wp-json\/wp\/v2\/posts\/1916\/revisions"}],"wp:attachment":[{"href":"https:\/\/www.caths.cz\/wordpress\/wp-json\/wp\/v2\/media?parent=1916"}],"wp:term":[{"taxonomy":"category","embeddable":true,"href":"https:\/\/www.caths.cz\/wordpress\/wp-json\/wp\/v2\/categories?post=1916"},{"taxonomy":"post_tag","embeddable":true,"href":"https:\/\/www.caths.cz\/wordpress\/wp-json\/wp\/v2\/tags?post=1916"}],"curies":[{"name":"wp","href":"https:\/\/api.w.org\/{rel}","templated":true}]}}