{"id":1915,"date":"2011-06-20T22:01:20","date_gmt":"2011-06-20T21:01:20","guid":{"rendered":"http:\/\/www.caths.cz\/wordpress\/?p=1915"},"modified":"2011-06-20T22:01:20","modified_gmt":"2011-06-20T21:01:20","slug":"handbikeri-caths-maji-spolecne-soustredeni-pred-mcr","status":"publish","type":"post","link":"https:\/\/www.caths.cz\/wordpress\/handbikeri-caths-maji-spolecne-soustredeni-pred-mcr\/","title":{"rendered":"Handbike\u0159i \u010cATHS maj\u00ed spole\u010dn\u00e9 soust\u0159ed\u011bn\u00ed p\u0159ed M\u010cR"},"content":{"rendered":"<p align=\"justify\">\nSpole\u010dn\u00e9 t\u0159\u00eddenn\u00ed soust\u0159ed\u011bn\u00ed p\u0159ed Mistrovstv\u00edm \u010cR v Hustope\u010d\u00edch maj\u00ed<br \/>\nhandbike\u0159i registrovan\u00ed pod \u010cATHS.<br \/>\n\u0160\u00e9fem akce nen\u00ed nikdo jin\u00fd, ne\u017e paralympijsk\u00fd v\u00edt\u011bz a mistr sv\u011bta, Marcel<br \/>\nPipek, kter\u00fd bude osobn\u011b p\u0159\u00edtomen a soust\u0159ed\u011bn\u00ed povede.<\/p>\n<p align=\"justify\"> Pl\u00e1nem sekce cyklistiky a handbike \u010cATHS, kter\u00e1 akci z\u00e1rove\u0148 i financuje je, aby na toto soust\u0159ed\u011bn\u00ed navazovaly dal\u0161\u00ed akce podobn\u00e9ho charakteru. Ta nejbli\u017e\u0161\u00ed je pl\u00e1nov\u00e1na na konec z\u00e1\u0159\u00ed, p\u0159esn\u00fd term\u00edn bude up\u0159esn\u011bn, ale my u\u017e nyn\u00ed m\u016f\u017eeme prozradit, \u017ee p\u016fjde o soust\u0159ed\u011bn\u00ed, kter\u00e9ho se mimo aktivn\u00edch jezdc\u016f na handbike z\u00fa\u010dastn\u00ed i nov\u00e1\u010dci tohoto roz\u0161\u00ed\u0159en\u00e9ho a atraktivn\u00edho sportu.<\/p>\n<p> Soust\u0159ed\u011bn\u00ed podpo\u0159\u00ed i sponzo\u0159i t\u00fdmu cyklistiky a handbike a tak \u00fa\u010dastn\u00edci \u010dervencov\u00e9ho setk\u00e1n\u00ed mohou po\u010d\u00edtat s d\u00e1rkem od firmy Nutrend. <\/p>\n<p> Propozice soust\u0159ed\u011bn\u00ed <a href=\"http:\/\/www.caths.cz\/storage\/soustredeni_2011.doc\" target=\"_blank\"> zde<\/a> <\/p>\n","protected":false},"excerpt":{"rendered":"<a href=\"https:\/\/www.caths.cz\/wordpress\/handbikeri-caths-maji-spolecne-soustredeni-pred-mcr\/\"><img loading=\"lazy\" decoding=\"async\" width=\"100\" height=\"100\" src=\"https:\/\/www.caths.cz\/wordpress\/wp-content\/plugins\/thumbnail-for-excerpts\/tfe_no_thumb.png\" class=\"alignleft wp-post-image tfe\" alt=\"\" title=\"\" \/><\/a><p>Spole\u010dn\u00e9 t\u0159\u00eddenn\u00ed soust\u0159ed\u011bn\u00ed p\u0159ed Mistrovstv\u00edm \u010cR v Hustope\u010d\u00edch maj\u00ed handbike\u0159i registrovan\u00ed pod \u010cATHS. \u0160\u00e9fem akce nen\u00ed nikdo jin\u00fd, ne\u017e paralympijsk\u00fd v\u00edt\u011bz a mistr sv\u011bta, Marcel Pipek, kter\u00fd bude osobn\u011b p\u0159\u00edtomen [&hellip;]<\/p>\n","protected":false},"author":1,"featured_media":0,"comment_status":"closed","ping_status":"closed","sticky":false,"template":"","format":"standard","meta":{"ngg_post_thumbnail":0,"footnotes":""},"categories":[9],"tags":[],"class_list":["post-1915","post","type-post","status-publish","format-standard","hentry","category-handbike"],"_links":{"self":[{"href":"https:\/\/www.caths.cz\/wordpress\/wp-json\/wp\/v2\/posts\/1915","targetHints":{"allow":["GET"]}}],"collection":[{"href":"https:\/\/www.caths.cz\/wordpress\/wp-json\/wp\/v2\/posts"}],"about":[{"href":"https:\/\/www.caths.cz\/wordpress\/wp-json\/wp\/v2\/types\/post"}],"author":[{"embeddable":true,"href":"https:\/\/www.caths.cz\/wordpress\/wp-json\/wp\/v2\/users\/1"}],"replies":[{"embeddable":true,"href":"https:\/\/www.caths.cz\/wordpress\/wp-json\/wp\/v2\/comments?post=1915"}],"version-history":[{"count":0,"href":"https:\/\/www.caths.cz\/wordpress\/wp-json\/wp\/v2\/posts\/1915\/revisions"}],"wp:attachment":[{"href":"https:\/\/www.caths.cz\/wordpress\/wp-json\/wp\/v2\/media?parent=1915"}],"wp:term":[{"taxonomy":"category","embeddable":true,"href":"https:\/\/www.caths.cz\/wordpress\/wp-json\/wp\/v2\/categories?post=1915"},{"taxonomy":"post_tag","embeddable":true,"href":"https:\/\/www.caths.cz\/wordpress\/wp-json\/wp\/v2\/tags?post=1915"}],"curies":[{"name":"wp","href":"https:\/\/api.w.org\/{rel}","templated":true}]}}