{"id":1914,"date":"2011-06-19T13:16:50","date_gmt":"2011-06-19T12:16:50","guid":{"rendered":"http:\/\/www.caths.cz\/wordpress\/?p=1914"},"modified":"2011-06-19T13:16:50","modified_gmt":"2011-06-19T12:16:50","slug":"handbiker-honza-tomanek-se-dostal-mezi-elitni-evropskou-osmicku","status":"publish","type":"post","link":"https:\/\/www.caths.cz\/wordpress\/handbiker-honza-tomanek-se-dostal-mezi-elitni-evropskou-osmicku\/","title":{"rendered":"Handbiker Honza Tom\u00e1nek se dostal mezi elitn\u00ed evropskou osmi\u010dku"},"content":{"rendered":"<p align=\"justify\">\nReprezentant \u010cesk\u00e9 republiky Jan Tom\u00e1nek vyu\u017eil dom\u00e1c\u00edho prost\u0159ed\u00ed a v kompletn\u00ed evropsk\u00e9 konkurenci obsadil vynikaj\u00edc\u00ed 6. m\u00edsto v z\u00e1vodech kategorie P1 EHC v Lounech.<\/p>\n<p align=\"justify\"> Loun\u0161t\u00ed po\u0159adatel\u00e9 v \u010dele s Radkem \u0160abatou a Katkou Krebsovou odvedli tradi\u010dn\u011b vynikaj\u00edc\u00ed pr\u00e1ci. Odm\u011bnou jim m\u016f\u017ee b\u00fdt kompletn\u00ed evropsk\u00e9 startovn\u00ed pole z\u00e1vodn\u00edk\u016f v kategori\u00edch handbike (128 startuj\u00edc\u00edch!) a Louny se tak \u0159ad\u00ed k vyhl\u00e1\u0161en\u00fdm evropsk\u00fdm z\u00e1vod\u016fm, jak\u00fdmi jsou nap\u0159. Rosenau \u010di Oesingen, kam se ka\u017edoro\u010dn\u011b sj\u00ed\u017ed\u00ed evropsk\u00e1 elita handbike.<br \/> Nem\u00e9n\u011b pot\u011b\u0161iteln\u00e9 pak pro n\u00e1s je, \u017ee v kategorii H2 se z\u00e1vod od z\u00e1vodu lep\u0161\u00ed mladi\u010dk\u00fd handbiker, Honza Tom\u00e1nek. A pokud jsme na za\u010d\u00e1tku sez\u00f3ny psali, \u017ee Honza m\u00e1 p\u0159edpoklady probojovat se do sv\u011btov\u00e9 \u0161pi\u010dky kategorie H2, tak nyn\u00ed m\u016f\u017eeme sm\u011ble ps\u00e1t o tom, \u017ee Honza u\u017e do sv\u011btov\u00e9 \u0161pi\u010dky pat\u0159\u00ed. <br \/> Velmi dobr\u00e9 8. m\u00edsto v dopoledn\u00ed \u010dasovce, ale p\u0159edev\u0161\u00edm vynikaj\u00edc\u00ed 6. m\u00edsto v odpoledn\u00edm silni\u010dn\u00edm z\u00e1vod\u011b je nejlep\u0161\u00edm v\u00fdsledkem na\u0161eho handbikera v kategorii H2 od zlat\u00fdch \u010das\u016f Marcela Pipka a Radka Civi\u0161e. <br \/> Velmi pot\u011b\u0161iteln\u00e9 jsou i v\u00fdkony na\u0161ich dal\u0161\u00edch z\u00e1vodn\u00edk\u016f, p\u0159edev\u0161\u00edm pak Miroslava \u0160ulce v kategorii H3. Mirek se lep\u0161\u00ed z\u00e1vod od z\u00e1vodu a velmi d\u016frazn\u011b si \u0159\u00edk\u00e1 o nominaci v reprezenta\u010dn\u00edm t\u00fdmu \u010cR. <br \/> V \u010dasovce kategorie P1 jel v\u00fdborn\u00fd z\u00e1vod n\u00e1\u0161 reprezenta\u010dn\u00ed tandem, Moflar &#8211; Chyba, kter\u00fd zaostal pouh\u00fdch 30 sekund za medailisty ned\u00e1vn\u00e9ho sv\u011btov\u00e9ho poh\u00e1ru &#8211; tandemem Polska.<\/p>\n<p> Celkov\u00e9 v\u00fdsledky <a href=\"http:\/\/www.championchip.cz\/new\/akce.php?idakce=2011061810\" target=\"_blank\"> zde<\/a> <\/p>\n<p> <img decoding=\"async\" src=\"\/wordpress\/image\/k_clankum\/ehc_louny2011\/007.JPG\"><\/p>\n<p> <img decoding=\"async\" src=\"\/wordpress\/image\/k_clankum\/ehc_louny2011\/008.JPG\"><\/p>\n<p> <img decoding=\"async\" src=\"\/wordpress\/image\/k_clankum\/ehc_louny2011\/014.JPG\"><\/p>\n<p> <img decoding=\"async\" src=\"\/wordpress\/image\/k_clankum\/ehc_louny2011\/021.JPG\"><\/p>\n<p> <img decoding=\"async\" src=\"\/wordpress\/image\/k_clankum\/ehc_louny2011\/023.JPG\"><\/p>\n<p> <img decoding=\"async\" src=\"\/wordpress\/image\/k_clankum\/ehc_louny2011\/024.JPG\"><\/p>\n<p> <img decoding=\"async\" src=\"\/wordpress\/image\/k_clankum\/ehc_louny2011\/025.JPG\"><\/p>\n<p> <img decoding=\"async\" src=\"\/wordpress\/image\/k_clankum\/ehc_louny2011\/026.JPG\"><\/p>\n<p> <img decoding=\"async\" src=\"\/wordpress\/image\/k_clankum\/ehc_louny2011\/030.JPG\"><\/p>\n<p> <img decoding=\"async\" src=\"\/wordpress\/image\/k_clankum\/ehc_louny2011\/037.JPG\"><\/p>\n<p> <img decoding=\"async\" src=\"\/wordpress\/image\/k_clankum\/ehc_louny2011\/044.JPG\"><\/p>\n<p> <img decoding=\"async\" src=\"\/wordpress\/image\/k_clankum\/ehc_louny2011\/055.JPG\"><\/p>\n<p> <img decoding=\"async\" src=\"\/wordpress\/image\/k_clankum\/ehc_louny2011\/066.JPG\"><\/p>\n<p> <img decoding=\"async\" src=\"\/wordpress\/image\/k_clankum\/ehc_louny2011\/067.JPG\"><\/p>\n<p> <img decoding=\"async\" src=\"\/wordpress\/image\/k_clankum\/ehc_louny2011\/068.JPG\"><\/p>\n<p> <img decoding=\"async\" src=\"\/wordpress\/image\/k_clankum\/ehc_louny2011\/098.JPG\"><\/p>\n<p> <img decoding=\"async\" src=\"\/wordpress\/image\/k_clankum\/ehc_louny2011\/102.JPG\"><\/p>\n<p> <img decoding=\"async\" src=\"\/wordpress\/image\/k_clankum\/ehc_louny2011\/104.JPG\"><\/p>\n<p> <img decoding=\"async\" src=\"\/wordpress\/image\/k_clankum\/ehc_louny2011\/110.JPG\"><\/p>\n<p> <img decoding=\"async\" src=\"\/wordpress\/image\/k_clankum\/ehc_louny2011\/118.JPG\"><\/p>\n","protected":false},"excerpt":{"rendered":"<a href=\"https:\/\/www.caths.cz\/wordpress\/handbiker-honza-tomanek-se-dostal-mezi-elitni-evropskou-osmicku\/\"><img loading=\"lazy\" decoding=\"async\" width=\"100\" height=\"100\" src=\"https:\/\/www.caths.cz\/wordpress\/wp-content\/plugins\/thumbnail-for-excerpts\/tfe_no_thumb.png\" class=\"alignleft wp-post-image tfe\" alt=\"\" title=\"\" \/><\/a><p>Reprezentant \u010cesk\u00e9 republiky Jan Tom\u00e1nek vyu\u017eil dom\u00e1c\u00edho prost\u0159ed\u00ed a v kompletn\u00ed evropsk\u00e9 konkurenci obsadil vynikaj\u00edc\u00ed 6. m\u00edsto v z\u00e1vodech kategorie P1 EHC v Lounech. Loun\u0161t\u00ed po\u0159adatel\u00e9 v \u010dele s Radkem [&hellip;]<\/p>\n","protected":false},"author":1,"featured_media":0,"comment_status":"closed","ping_status":"closed","sticky":false,"template":"","format":"standard","meta":{"ngg_post_thumbnail":0,"footnotes":""},"categories":[9],"tags":[],"class_list":["post-1914","post","type-post","status-publish","format-standard","hentry","category-handbike"],"_links":{"self":[{"href":"https:\/\/www.caths.cz\/wordpress\/wp-json\/wp\/v2\/posts\/1914","targetHints":{"allow":["GET"]}}],"collection":[{"href":"https:\/\/www.caths.cz\/wordpress\/wp-json\/wp\/v2\/posts"}],"about":[{"href":"https:\/\/www.caths.cz\/wordpress\/wp-json\/wp\/v2\/types\/post"}],"author":[{"embeddable":true,"href":"https:\/\/www.caths.cz\/wordpress\/wp-json\/wp\/v2\/users\/1"}],"replies":[{"embeddable":true,"href":"https:\/\/www.caths.cz\/wordpress\/wp-json\/wp\/v2\/comments?post=1914"}],"version-history":[{"count":0,"href":"https:\/\/www.caths.cz\/wordpress\/wp-json\/wp\/v2\/posts\/1914\/revisions"}],"wp:attachment":[{"href":"https:\/\/www.caths.cz\/wordpress\/wp-json\/wp\/v2\/media?parent=1914"}],"wp:term":[{"taxonomy":"category","embeddable":true,"href":"https:\/\/www.caths.cz\/wordpress\/wp-json\/wp\/v2\/categories?post=1914"},{"taxonomy":"post_tag","embeddable":true,"href":"https:\/\/www.caths.cz\/wordpress\/wp-json\/wp\/v2\/tags?post=1914"}],"curies":[{"name":"wp","href":"https:\/\/api.w.org\/{rel}","templated":true}]}}