{"id":1912,"date":"2011-06-17T12:14:27","date_gmt":"2011-06-17T11:14:27","guid":{"rendered":"http:\/\/www.caths.cz\/wordpress\/?p=1912"},"modified":"2011-06-17T12:14:27","modified_gmt":"2011-06-17T11:14:27","slug":"mcr-horskych-kol-handicapovanych-uz-tento-vikend","status":"publish","type":"post","link":"https:\/\/www.caths.cz\/wordpress\/mcr-horskych-kol-handicapovanych-uz-tento-vikend\/","title":{"rendered":"M\u010cR horsk\u00fdch kol handicapovan\u00fdch u\u017e tento v\u00edkend"},"content":{"rendered":"<p align=\"justify\">U\u017e z\u00edtra pokra\u010duje dal\u0161\u00edm d\u00edlem \u010cesk\u00fd poh\u00e1r MTB handicapovan\u00fdch cyklist\u016f, tentokr\u00e1t<br \/>\njako Mistrovstv\u00ed \u010cR horsk\u00fdch kol handicapovan\u00fdch cyklist\u016f v p\u016flmaratonu.<\/p>\n<p align=\"justify\"> Tradi\u010dn\u00ed cyklomaraton horsk\u00fdch kol &#8211; Malevil Cup, bude tentokr\u00e1t i d\u011bji\u0161t\u011bm Mistrovstv\u00ed \u010cesk\u00e9 republiky v p\u016flmaratonu horsk\u00fdch kol handicapovan\u00fdch cyklist\u016f. <br \/> Start je na n\u00e1m\u011bst\u00ed v Jablonn\u00e9m v Podje\u0161t\u011bd\u00ed, c\u00edl a tak\u00e9 prezentace pak na ran\u010di Malevil. Body z tohoto z\u00e1vodu se samoz\u0159ejm\u011b zapo\u010d\u00edt\u00e1vaj\u00ed i do celkov\u00e9ho po\u0159ad\u00ed \u010cP. <\/p>\n<p> V\u00edce informac\u00ed na str\u00e1nk\u00e1ch <a href=\"http:\/\/www.cernikone.cz\/aktuality.html\" target=\"_blank\"> \u010cern\u00fdch kon\u00ed<\/a> nebo <a href=\"http:\/\/www.paklisport.cz\/index.php?option=com_content&#038;view=article&#038;id=133&#038;Itemid=42\" target=\"_blank\"> Malevil Cup<\/a><\/p>\n","protected":false},"excerpt":{"rendered":"<a href=\"https:\/\/www.caths.cz\/wordpress\/mcr-horskych-kol-handicapovanych-uz-tento-vikend\/\"><img loading=\"lazy\" decoding=\"async\" width=\"100\" height=\"100\" src=\"https:\/\/www.caths.cz\/wordpress\/wp-content\/plugins\/thumbnail-for-excerpts\/tfe_no_thumb.png\" class=\"alignleft wp-post-image tfe\" alt=\"\" title=\"\" \/><\/a><p>U\u017e z\u00edtra pokra\u010duje dal\u0161\u00edm d\u00edlem \u010cesk\u00fd poh\u00e1r MTB handicapovan\u00fdch cyklist\u016f, tentokr\u00e1t jako Mistrovstv\u00ed \u010cR horsk\u00fdch kol handicapovan\u00fdch cyklist\u016f v p\u016flmaratonu. Tradi\u010dn\u00ed cyklomaraton horsk\u00fdch kol &#8211; Malevil Cup, bude tentokr\u00e1t i [&hellip;]<\/p>\n","protected":false},"author":1,"featured_media":0,"comment_status":"closed","ping_status":"closed","sticky":false,"template":"","format":"standard","meta":{"ngg_post_thumbnail":0,"footnotes":""},"categories":[40],"tags":[],"class_list":["post-1912","post","type-post","status-publish","format-standard","hentry","category-pojed-s-nami"],"_links":{"self":[{"href":"https:\/\/www.caths.cz\/wordpress\/wp-json\/wp\/v2\/posts\/1912","targetHints":{"allow":["GET"]}}],"collection":[{"href":"https:\/\/www.caths.cz\/wordpress\/wp-json\/wp\/v2\/posts"}],"about":[{"href":"https:\/\/www.caths.cz\/wordpress\/wp-json\/wp\/v2\/types\/post"}],"author":[{"embeddable":true,"href":"https:\/\/www.caths.cz\/wordpress\/wp-json\/wp\/v2\/users\/1"}],"replies":[{"embeddable":true,"href":"https:\/\/www.caths.cz\/wordpress\/wp-json\/wp\/v2\/comments?post=1912"}],"version-history":[{"count":0,"href":"https:\/\/www.caths.cz\/wordpress\/wp-json\/wp\/v2\/posts\/1912\/revisions"}],"wp:attachment":[{"href":"https:\/\/www.caths.cz\/wordpress\/wp-json\/wp\/v2\/media?parent=1912"}],"wp:term":[{"taxonomy":"category","embeddable":true,"href":"https:\/\/www.caths.cz\/wordpress\/wp-json\/wp\/v2\/categories?post=1912"},{"taxonomy":"post_tag","embeddable":true,"href":"https:\/\/www.caths.cz\/wordpress\/wp-json\/wp\/v2\/tags?post=1912"}],"curies":[{"name":"wp","href":"https:\/\/api.w.org\/{rel}","templated":true}]}}