{"id":1911,"date":"2011-06-16T10:18:57","date_gmt":"2011-06-16T09:18:57","guid":{"rendered":"http:\/\/www.caths.cz\/wordpress\/?p=1911"},"modified":"2011-06-16T10:18:57","modified_gmt":"2011-06-16T09:18:57","slug":"evropska-elita-handbike-miri-do-loun","status":"publish","type":"post","link":"https:\/\/www.caths.cz\/wordpress\/evropska-elita-handbike-miri-do-loun\/","title":{"rendered":"Evropsk\u00e1 elita handbike m\u00ed\u0159\u00ed do Loun"},"content":{"rendered":"<p align=\"justify\">\nNejlep\u0161\u00ed handbike\u0159i star\u00e9ho kontinentu si daj\u00ed v sobotu dostaven\u00ed\u010dko v<br \/>\nLounech k dal\u0161\u00edmu z\u00e1vodu kategorie P1 EHC.<\/p>\n<p align=\"justify\"> P\u0159in\u00e1\u0161\u00edme v\u00e1m startovn\u00ed listinu dopoledn\u00ed \u010dasovky, na kter\u00e9 m\u00e1te vyzna\u010den\u00e9 startovn\u00ed \u010dasy jednotliv\u00fdch z\u00e1vodn\u00edk\u016f. Prosad\u00ed se na\u0161i z\u00e1vodn\u00edci? Potvrd\u00ed se indicie, \u017ee na\u0161i reprezentanti op\u011bt m\u00ed\u0159\u00ed zp\u011bt do sv\u011btov\u00e9 \u0161pi\u010dky?<br \/> M\u016f\u017eete vid\u011bt na vlastn\u00ed o\u010di, sta\u010d\u00ed jedin\u00e9 &#8211; p\u0159ijm\u011bte na\u0161e pozv\u00e1n\u00ed do Loun! <\/p>\n<p> Startovn\u00ed listina <a href=\"http:\/\/www.caths.cz\/storage\/handbike\/startlist_ehc_2011-1.xls\" target=\"_blank\"> zde<\/a><\/p>\n","protected":false},"excerpt":{"rendered":"<a href=\"https:\/\/www.caths.cz\/wordpress\/evropska-elita-handbike-miri-do-loun\/\"><img loading=\"lazy\" decoding=\"async\" width=\"100\" height=\"100\" src=\"https:\/\/www.caths.cz\/wordpress\/wp-content\/plugins\/thumbnail-for-excerpts\/tfe_no_thumb.png\" class=\"alignleft wp-post-image tfe\" alt=\"\" title=\"\" \/><\/a><p>Nejlep\u0161\u00ed handbike\u0159i star\u00e9ho kontinentu si daj\u00ed v sobotu dostaven\u00ed\u010dko v Lounech k dal\u0161\u00edmu z\u00e1vodu kategorie P1 EHC. P\u0159in\u00e1\u0161\u00edme v\u00e1m startovn\u00ed listinu dopoledn\u00ed \u010dasovky, na kter\u00e9 m\u00e1te vyzna\u010den\u00e9 startovn\u00ed \u010dasy jednotliv\u00fdch [&hellip;]<\/p>\n","protected":false},"author":1,"featured_media":0,"comment_status":"closed","ping_status":"closed","sticky":false,"template":"","format":"standard","meta":{"ngg_post_thumbnail":0,"footnotes":""},"categories":[9],"tags":[],"class_list":["post-1911","post","type-post","status-publish","format-standard","hentry","category-handbike"],"_links":{"self":[{"href":"https:\/\/www.caths.cz\/wordpress\/wp-json\/wp\/v2\/posts\/1911","targetHints":{"allow":["GET"]}}],"collection":[{"href":"https:\/\/www.caths.cz\/wordpress\/wp-json\/wp\/v2\/posts"}],"about":[{"href":"https:\/\/www.caths.cz\/wordpress\/wp-json\/wp\/v2\/types\/post"}],"author":[{"embeddable":true,"href":"https:\/\/www.caths.cz\/wordpress\/wp-json\/wp\/v2\/users\/1"}],"replies":[{"embeddable":true,"href":"https:\/\/www.caths.cz\/wordpress\/wp-json\/wp\/v2\/comments?post=1911"}],"version-history":[{"count":0,"href":"https:\/\/www.caths.cz\/wordpress\/wp-json\/wp\/v2\/posts\/1911\/revisions"}],"wp:attachment":[{"href":"https:\/\/www.caths.cz\/wordpress\/wp-json\/wp\/v2\/media?parent=1911"}],"wp:term":[{"taxonomy":"category","embeddable":true,"href":"https:\/\/www.caths.cz\/wordpress\/wp-json\/wp\/v2\/categories?post=1911"},{"taxonomy":"post_tag","embeddable":true,"href":"https:\/\/www.caths.cz\/wordpress\/wp-json\/wp\/v2\/tags?post=1911"}],"curies":[{"name":"wp","href":"https:\/\/api.w.org\/{rel}","templated":true}]}}