{"id":1910,"date":"2011-06-15T03:15:35","date_gmt":"2011-06-15T02:15:35","guid":{"rendered":"http:\/\/www.caths.cz\/wordpress\/?p=1910"},"modified":"2011-06-15T03:15:35","modified_gmt":"2011-06-15T02:15:35","slug":"fotoreportaz-ze-tretiho-dne-svetoveho-poharu-segovia-2011","status":"publish","type":"post","link":"https:\/\/www.caths.cz\/wordpress\/fotoreportaz-ze-tretiho-dne-svetoveho-poharu-segovia-2011\/","title":{"rendered":"Fotoreport\u00e1\u017e ze t\u0159et\u00edho dne sv\u011btov\u00e9ho poh\u00e1ru Segovia 2011"},"content":{"rendered":"<p><img decoding=\"async\" src=\"\/wordpress\/image\/k_clankum\/segovia2011_4\/001.JPG\"><\/p>\n<p> Ka\u017edodenn\u00ed cestov\u00e1n\u00ed do m\u00edst kon\u00e1n\u00ed jednotliv\u00fdch z\u00e1vod\u016f vedlo kolem n\u00e1dhern\u00e9ho historick\u00e9ho m\u011bsta Segovia, ale bohu\u017eel ani jeden z okruh\u016f t\u00edmto m\u011bstem nevedl. <\/p>\n<p> <img decoding=\"async\" src=\"\/wordpress\/image\/k_clankum\/segovia2011_4\/002.JPG\"><\/p>\n<p> T\u0159et\u00ed den sv\u011btov\u00e9ho poh\u00e1ru se konal ve vesnici Escalona Del Prado <\/p>\n<p> <img decoding=\"async\" src=\"\/wordpress\/image\/k_clankum\/segovia2011_4\/004.JPG\"><\/p>\n<p> P\u0159\u00edli\u0161 sv\u011btov\u011b m\u00edsto kon\u00e1n\u00ed silni\u010dn\u00edho z\u00e1vodu kategori\u00ed C ov\u0161em nep\u016fsobilo <\/p>\n<p> <img decoding=\"async\" src=\"\/wordpress\/image\/k_clankum\/segovia2011_4\/006.JPG\"><\/p>\n<p> <img decoding=\"async\" src=\"\/wordpress\/image\/k_clankum\/segovia2011_4\/007.JPG\"><\/p>\n<p> Na &#8222;hlavn\u00ed t\u0159\u00edd\u011b&#8220; byla vybudov\u00e1na tribuna pro div\u00e1ky a c\u00edlov\u00e1 rovinka z\u00e1vodu <\/p>\n<p> <img decoding=\"async\" src=\"\/wordpress\/image\/k_clankum\/segovia2011_4\/008.JPG\"><\/p>\n<p> P\u0159es noc se m\u00edsto, &#8222;kde vidle podp\u00edraj\u00ed nebe&#8220; zm\u011bnilo k nepozn\u00e1n\u00ed.. <\/p>\n<p> <img decoding=\"async\" src=\"\/wordpress\/image\/k_clankum\/segovia2011_4\/009.JPG\"><\/p>\n<p> \u2026 a stalo se d\u016fstojn\u00fdm po\u0159adatelsk\u00fdm m\u00edstem sv\u011btov\u00e9ho poh\u00e1ru <\/p>\n<p> <img decoding=\"async\" src=\"\/wordpress\/image\/k_clankum\/segovia2011_4\/010.JPG\"><\/p>\n<p> P\u0159ed startem silni\u010dn\u00edho z\u00e1vodu je nutn\u00e9, aby se z\u00e1vodn\u00edci dostavili k potvrzen\u00ed sv\u00e9ho startu <\/p>\n<p> <img decoding=\"async\" src=\"\/wordpress\/image\/k_clankum\/segovia2011_4\/013.JPG\"><\/p>\n<p> Michal Stark ve front\u011b na podpis za sv\u00fdmi soupe\u0159i Tobiasem Grafem a Simonem Pricem <\/p>\n<p> <img decoding=\"async\" src=\"\/wordpress\/image\/k_clankum\/segovia2011_4\/192.JPG\"><\/p>\n<p> M\u00edra Dongres p\u0159ed startem <\/p>\n<p> <img decoding=\"async\" src=\"\/wordpress\/image\/k_clankum\/segovia2011_4\/254.JPG\"><\/p>\n<p> Div\u00e1ci byli v pln\u00e9m soust\u0159ed\u011bn\u00ed\u2026 <\/p>\n<p> <img decoding=\"async\" src=\"\/wordpress\/image\/k_clankum\/segovia2011_4\/258.JPG\"><\/p>\n<p> \u2026 jen n\u011bkte\u0159\u00ed se je\u0161t\u011b uji\u0161\u0165ovali, zda jejich kolegyn\u011b dob\u0159e vid\u00ed na tra\u0165 z\u00e1vodu <\/p>\n<p> <img decoding=\"async\" src=\"\/wordpress\/image\/k_clankum\/segovia2011_4\/328.JPG\"><\/p>\n<p> \u0158azen\u00ed z\u00e1vodn\u00edk\u016f kategori\u00ed C1-C3 na startovn\u00ed \u010d\u00e1ru bylo dosti n\u00e1ro\u010dn\u00e9 <\/p>\n<p> <img decoding=\"async\" src=\"\/wordpress\/image\/k_clankum\/segovia2011_4\/336.JPG\"><\/p>\n<p> \u010ce\u0161t\u00ed cyklist\u00e9 se v silni\u010dn\u00edm z\u00e1vod\u011b dr\u017eeli st\u00e1le na p\u0159edn\u00edch pozic\u00edch <\/p>\n<p> <img decoding=\"async\" src=\"\/wordpress\/image\/k_clankum\/segovia2011_4\/359.JPG\"><\/p>\n<p> Michal Stark v z\u00e1v\u011bre\u010dn\u00e9m spurtu o druh\u00e9 m\u00edsto prohr\u00e1l s Francouzem Thirionetem a skon\u010dil t\u0159et\u00ed. V\u00edt\u011bzem se stal \u0160pan\u011bl Eckhard <\/p>\n<p> <img decoding=\"async\" src=\"\/wordpress\/image\/k_clankum\/segovia2011_4\/370.JPG\"><\/p>\n<p> Mistr sv\u011bta 2010 v silni\u010dn\u00edm z\u00e1vod\u011b \u0160pan\u011bl Neira Perez se p\u0159ed startem sv\u00e9 kategorie C4 p\u0159i\u0161el pozdravit s \u010desk\u00fdm t\u00fdmem <\/p>\n<p> <img decoding=\"async\" src=\"\/wordpress\/image\/k_clankum\/segovia2011_4\/373.jpg\"><\/p>\n<p> Start z\u00e1vodu kategori\u00ed C4 a C5 <\/p>\n<p> <img decoding=\"async\" src=\"\/wordpress\/image\/k_clankum\/segovia2011_4\/373a.jpg\"><\/p>\n<p> Tra\u0165 v pol\u00edch m\u00edstn\u00ed provincie <\/p>\n<p> <img decoding=\"async\" src=\"\/wordpress\/image\/k_clankum\/segovia2011_4\/374.jpg\"><\/p>\n<p> Jirka Je\u017eek v \u010dele pelotonu <\/p>\n<p> <img decoding=\"async\" src=\"\/wordpress\/image\/k_clankum\/segovia2011_4\/375.jpg\"><\/p>\n<p> <img decoding=\"async\" src=\"\/wordpress\/image\/k_clankum\/segovia2011_4\/376.JPG\"><\/p>\n<p> Slad\u011bn\u00e9 dvojice tren\u00e9r \u2013 cyklistka p\u0159ed startem kategorie C2 <\/p>\n<p> <img decoding=\"async\" src=\"\/wordpress\/image\/k_clankum\/segovia2011_4\/377.JPG\"><\/p>\n<p> Terezino \u0161\u0165astn\u00e9 \u010d\u00edslo <\/p>\n<p> <img decoding=\"async\" src=\"\/wordpress\/image\/k_clankum\/segovia2011_4\/377a.jpg\"><\/p>\n<p> <img decoding=\"async\" src=\"\/wordpress\/image\/k_clankum\/segovia2011_4\/378.jpg\"><\/p>\n<p> Terka doj\u00ed\u017ed\u00ed do c\u00edle silni\u010dn\u00edho z\u00e1vodu.. <\/p>\n<p> <img decoding=\"async\" src=\"\/wordpress\/image\/k_clankum\/segovia2011_4\/379.jpg\"><\/p>\n<p> .. na celkov\u00e9m druh\u00e9m m\u00edst\u011b <\/p>\n<p> <img decoding=\"async\" src=\"\/wordpress\/image\/k_clankum\/segovia2011_4\/380.JPG\"><\/p>\n<p> <img decoding=\"async\" src=\"\/wordpress\/image\/k_clankum\/segovia2011_4\/381.JPG\"><\/p>\n<p> Na\u0161im dv\u011bma \u00fasp\u011b\u0161n\u00fdm cyklist\u016fm Jirkovi a Tereze p\u0159i\u0161la poblahop\u0159\u00e1t Barbara Buchan, t\u0159et\u00ed ze z\u00e1vodu \u017een C2 <\/p>\n<p> <img decoding=\"async\" src=\"\/wordpress\/image\/k_clankum\/segovia2011_4\/382.jpg\"><\/p>\n<p> A tak\u00e9 v\u00edt\u011bzka stejn\u00e9 kategorie \u0160panelka Rachel Acinas <\/p>\n<p> <img decoding=\"async\" src=\"\/wordpress\/image\/k_clankum\/segovia2011_4\/385.JPG\"><\/p>\n<p> Z\u00e1v\u011bre\u010dn\u00fdm z\u00e1vodem sv\u011btov\u00e9ho poh\u00e1ru byly atraktivn\u00ed \u0161tafety handbik\u016f <\/p>\n<p> <img decoding=\"async\" src=\"\/wordpress\/image\/k_clankum\/segovia2011_4\/388.JPG\"><\/p>\n<p> B\u00fdval\u00fd automobilov\u00fd z\u00e1vodn\u00edk Ital Zanardi rozj\u00ed\u017ed\u011bl italskou \u0161tafetu <\/p>\n<p> <img decoding=\"async\" src=\"\/wordpress\/image\/k_clankum\/segovia2011_4\/393.JPG\"><\/p>\n<p> A odvedl v z\u00e1vod\u011b obrovsk\u00fd kus pr\u00e1ce <\/p>\n<p> <img decoding=\"async\" src=\"\/wordpress\/image\/k_clankum\/segovia2011_4\/413.JPG\"><\/p>\n<p> Italov\u00e9 nakonec skon\u010dili na druh\u00e9m m\u00edst\u011b za v\u00edt\u011bzn\u00fdm \u0160v\u00fdcarskem a p\u0159ed Francouzskou \u0161tafetou <\/p>\n<p> <img decoding=\"async\" src=\"\/wordpress\/image\/k_clankum\/segovia2011_4\/422.JPG\"><\/p>\n<p> \u010cesk\u00e1 radost na z\u00e1v\u011br sv\u011btov\u00e9ho poh\u00e1ru <\/p>\n","protected":false},"excerpt":{"rendered":"<a href=\"https:\/\/www.caths.cz\/wordpress\/fotoreportaz-ze-tretiho-dne-svetoveho-poharu-segovia-2011\/\"><img loading=\"lazy\" decoding=\"async\" width=\"100\" height=\"100\" src=\"https:\/\/www.caths.cz\/wordpress\/wp-content\/plugins\/thumbnail-for-excerpts\/tfe_no_thumb.png\" class=\"alignleft wp-post-image tfe\" alt=\"\" title=\"\" \/><\/a><p>Ka\u017edodenn\u00ed cestov\u00e1n\u00ed do m\u00edst kon\u00e1n\u00ed jednotliv\u00fdch z\u00e1vod\u016f vedlo kolem n\u00e1dhern\u00e9ho historick\u00e9ho m\u011bsta Segovia, ale bohu\u017eel ani jeden z okruh\u016f t\u00edmto m\u011bstem nevedl. T\u0159et\u00ed den sv\u011btov\u00e9ho poh\u00e1ru se konal ve vesnici [&hellip;]<\/p>\n","protected":false},"author":1,"featured_media":0,"comment_status":"closed","ping_status":"closed","sticky":false,"template":"","format":"standard","meta":{"ngg_post_thumbnail":0,"footnotes":""},"categories":[8],"tags":[],"class_list":["post-1910","post","type-post","status-publish","format-standard","hentry","category-fotoreporty"],"_links":{"self":[{"href":"https:\/\/www.caths.cz\/wordpress\/wp-json\/wp\/v2\/posts\/1910","targetHints":{"allow":["GET"]}}],"collection":[{"href":"https:\/\/www.caths.cz\/wordpress\/wp-json\/wp\/v2\/posts"}],"about":[{"href":"https:\/\/www.caths.cz\/wordpress\/wp-json\/wp\/v2\/types\/post"}],"author":[{"embeddable":true,"href":"https:\/\/www.caths.cz\/wordpress\/wp-json\/wp\/v2\/users\/1"}],"replies":[{"embeddable":true,"href":"https:\/\/www.caths.cz\/wordpress\/wp-json\/wp\/v2\/comments?post=1910"}],"version-history":[{"count":0,"href":"https:\/\/www.caths.cz\/wordpress\/wp-json\/wp\/v2\/posts\/1910\/revisions"}],"wp:attachment":[{"href":"https:\/\/www.caths.cz\/wordpress\/wp-json\/wp\/v2\/media?parent=1910"}],"wp:term":[{"taxonomy":"category","embeddable":true,"href":"https:\/\/www.caths.cz\/wordpress\/wp-json\/wp\/v2\/categories?post=1910"},{"taxonomy":"post_tag","embeddable":true,"href":"https:\/\/www.caths.cz\/wordpress\/wp-json\/wp\/v2\/tags?post=1910"}],"curies":[{"name":"wp","href":"https:\/\/api.w.org\/{rel}","templated":true}]}}