{"id":1909,"date":"2011-06-14T00:06:41","date_gmt":"2011-06-13T23:06:41","guid":{"rendered":"http:\/\/www.caths.cz\/wordpress\/?p=1909"},"modified":"2011-06-14T00:06:41","modified_gmt":"2011-06-13T23:06:41","slug":"fotoreportaz-z-druheho-dne-svetoveho-poharu-segovia-2011","status":"publish","type":"post","link":"https:\/\/www.caths.cz\/wordpress\/fotoreportaz-z-druheho-dne-svetoveho-poharu-segovia-2011\/","title":{"rendered":"Fotoreport\u00e1\u017e z druh\u00e9ho dne sv\u011btov\u00e9ho poh\u00e1ru Segovia 2011"},"content":{"rendered":"<p><img decoding=\"async\" src=\"\/wordpress\/image\/k_clankum\/segovia2011_3\/005.JPG\"><\/p>\n<p> Druh\u00fd den sv\u011btov\u00e9ho poh\u00e1ru prob\u00edhal ve m\u011bst\u011b Cuellar <\/p>\n<p> <img decoding=\"async\" src=\"\/wordpress\/image\/k_clankum\/segovia2011_3\/016.JPG\"><\/p>\n<p> ..p\u0159\u00edmo v n\u00e1dhern\u00e9m historick\u00e9m j\u00e1dru m\u011bsta <\/p>\n<p> <img decoding=\"async\" src=\"\/wordpress\/image\/k_clankum\/segovia2011_3\/017.JPG\"><\/p>\n<p> Po\u0159adatelsk\u00e1 doprovodn\u00e1 vozidla, tzv. mechani\u010d\u00e1ky, p\u0159ipraven\u00e9 na silni\u010dn\u00ed z\u00e1vod <\/p>\n<p> <img decoding=\"async\" src=\"\/wordpress\/image\/k_clankum\/segovia2011_3\/018.JPG\"><\/p>\n<p> Peloton 36 tandem\u016f t\u011bsn\u011b p\u0159ed startem <\/p>\n<p> <img decoding=\"async\" src=\"\/wordpress\/image\/k_clankum\/segovia2011_3\/020.JPG\"><\/p>\n<p> Ve startovn\u00edm poli nechyb\u011bli mist\u0159i sv\u011bta, sourozenci Pizzi z It\u00e1lie, ani lead\u0159i sv\u011btov\u00e9ho poh\u00e1ru Australan\u00e9 Lindores, Finning. N\u00e1\u0161 tandem startoval z druh\u00e9 \u0159ady <\/p>\n<p> <img decoding=\"async\" src=\"\/wordpress\/image\/k_clankum\/segovia2011_3\/027.JPG\"><\/p>\n<p> Tandemy po startu do silni\u010dn\u00edho z\u00e1vodu m\u011b\u0159\u00edc\u00edho 108 km <\/p>\n<p> <img decoding=\"async\" src=\"\/wordpress\/image\/k_clankum\/segovia2011_3\/042.JPG\"><\/p>\n<p> Cyklisty p\u0159i\u0161li povzbudit mal\u00ed&#8230; <\/p>\n<p> <img decoding=\"async\" src=\"\/wordpress\/image\/k_clankum\/segovia2011_3\/047.JPG\"><\/p>\n<p> .. i velc\u00ed div\u00e1ci <\/p>\n<p> <img decoding=\"async\" src=\"\/wordpress\/image\/k_clankum\/segovia2011_3\/058.JPG\"><\/p>\n<p> Ob\u010derstvovac\u00ed z\u00f3na a tren\u00e9\u0159i \u010dekaj\u00edc\u00ed na p\u0159\u00edjezd pelotonu <\/p>\n<p> <img decoding=\"async\" src=\"\/wordpress\/image\/k_clankum\/segovia2011_3\/060.JPG\"><\/p>\n<p> P\u0159\u00edjezd z\u00e1vodn\u00edk\u016f do &#8222;feeding zone&#8220; <\/p>\n<p> <img decoding=\"async\" src=\"\/wordpress\/image\/k_clankum\/segovia2011_3\/066.JPG\"><\/p>\n<p> <img decoding=\"async\" src=\"\/wordpress\/image\/k_clankum\/segovia2011_3\/068.JPG\"><\/p>\n<p> Ob\u010derstven\u00ed pot\u0159ebuj\u00ed a \u010dlenov\u00e9 realiza\u010dn\u00edho t\u00fdmu <\/p>\n<p> <img decoding=\"async\" src=\"\/wordpress\/image\/k_clankum\/segovia2011_3\/070.JPG\"><\/p>\n<p> \u017densk\u00e9 tandemy absolvovaly 84 km <\/p>\n<p> <img decoding=\"async\" src=\"\/wordpress\/image\/k_clankum\/segovia2011_3\/073.JPG\"><\/p>\n<p> V\u00edt\u011bzky z\u00e1vodu, N\u011bmky Handrup a Ellem <\/p>\n<p> <img decoding=\"async\" src=\"\/wordpress\/image\/k_clankum\/segovia2011_3\/080.JPG\"><\/p>\n<p> Po t\u00e9m\u011b\u0159 2 a p\u016fl hodin\u011b zv\u00edt\u011bzil ve spurtu francouzsk\u00fd tandem Debeaupuits, Febvay <\/p>\n<p> <img decoding=\"async\" src=\"\/wordpress\/image\/k_clankum\/segovia2011_3\/085.JPG\"><\/p>\n<p> I toto je cyklistika tandem\u016f &#8211; \u010dast\u00e9 defekty <\/p>\n<p> <img decoding=\"async\" src=\"\/wordpress\/image\/k_clankum\/segovia2011_3\/097.JPG\"><\/p>\n<p> Defekty se nevyh\u00fdbaj\u00ed ani handbiker\u016fm \u2013 Ameri\u010dan Sanchez a ulomen\u00e1 klika jeho &#8222;kleka\u010dky&#8220; <\/p>\n<p> <img decoding=\"async\" src=\"\/wordpress\/image\/k_clankum\/segovia2011_3\/105.JPG\"><\/p>\n<p> V\u00edt\u011bzn\u00e9 gesto Ursuly Schwaller v c\u00edli kategorie H2 \u017een <\/p>\n<p> <img decoding=\"async\" src=\"\/wordpress\/image\/k_clankum\/segovia2011_3\/176.JPG\"><\/p>\n<p> A Holan\u010fana Plata v kategorii H4 <\/p>\n<p> <img decoding=\"async\" src=\"\/wordpress\/image\/k_clankum\/segovia2011_3\/192.JPG\"><\/p>\n<p> P\u0159ed startem kategorie H3 <\/p>\n<p> <img decoding=\"async\" src=\"\/wordpress\/image\/k_clankum\/segovia2011_3\/202.JPG\"><\/p>\n<p> Start do p\u011btikolov\u00e9ho z\u00e1vodu <\/p>\n<p> <img decoding=\"async\" src=\"\/wordpress\/image\/k_clankum\/segovia2011_3\/206.JPG\"><\/p>\n<p> <img decoding=\"async\" src=\"\/wordpress\/image\/k_clankum\/segovia2011_3\/214.JPG\"><\/p>\n<p> Standa B\u00edza v jedn\u00e9 ze zat\u00e1\u010dek <\/p>\n<p> <img decoding=\"async\" src=\"\/wordpress\/image\/k_clankum\/segovia2011_3\/219.JPG\"><\/p>\n<p> 700 metrov\u00e9 stoup\u00e1n\u00ed bylo v odpoledn\u00edm horku hodn\u011b t\u011b\u017ek\u00e9 <\/p>\n<p> <img decoding=\"async\" src=\"\/wordpress\/image\/k_clankum\/segovia2011_3\/222.JPG\"><\/p>\n<p> Standa B\u00edza <\/p>\n<p> <img decoding=\"async\" src=\"\/wordpress\/image\/k_clankum\/segovia2011_3\/223.JPG\"><\/p>\n<p> Honza Tom\u00e1nek <\/p>\n<p> <img decoding=\"async\" src=\"\/wordpress\/image\/k_clankum\/segovia2011_3\/225.JPG\"><\/p>\n<p> Va\u0161ek Antal <\/p>\n<p> <img decoding=\"async\" src=\"\/wordpress\/image\/k_clankum\/segovia2011_3\/283.JPG\"><\/p>\n<p> Z\u00e1v\u011br z\u00e1vodu kategorie H3 op\u011bt kon\u010dil spurtem mezi Francouzem Jeannotem a Pol\u00e1kem Skrzypinskim <\/p>\n<p> <img decoding=\"async\" src=\"\/wordpress\/image\/k_clankum\/segovia2011_3\/289.JPG\"><\/p>\n<p> V\u00edt\u011bzn\u00fdm v n\u011bm byl Francouz <\/p>\n<p> <img decoding=\"async\" src=\"\/wordpress\/image\/k_clankum\/segovia2011_3\/292.JPG\"><\/p>\n<p> <img decoding=\"async\" src=\"\/wordpress\/image\/k_clankum\/segovia2011_3\/311.JPG\"><\/p>\n<p> N\u011bkter\u00fdm diva\u010dk\u00e1m byly v\u00fdkony cyklist\u016f tak trochu jedno, ale i ve \u0160pan\u011blsku plat\u00ed \u2013 kdo si hraje nezlob\u00ed \ud83d\ude42<\/p>\n","protected":false},"excerpt":{"rendered":"<a href=\"https:\/\/www.caths.cz\/wordpress\/fotoreportaz-z-druheho-dne-svetoveho-poharu-segovia-2011\/\"><img loading=\"lazy\" decoding=\"async\" width=\"100\" height=\"100\" src=\"https:\/\/www.caths.cz\/wordpress\/wp-content\/plugins\/thumbnail-for-excerpts\/tfe_no_thumb.png\" class=\"alignleft wp-post-image tfe\" alt=\"\" title=\"\" \/><\/a><p>Druh\u00fd den sv\u011btov\u00e9ho poh\u00e1ru prob\u00edhal ve m\u011bst\u011b Cuellar ..p\u0159\u00edmo v n\u00e1dhern\u00e9m historick\u00e9m j\u00e1dru m\u011bsta Po\u0159adatelsk\u00e1 doprovodn\u00e1 vozidla, tzv. mechani\u010d\u00e1ky, p\u0159ipraven\u00e9 na silni\u010dn\u00ed z\u00e1vod Peloton 36 tandem\u016f t\u011bsn\u011b p\u0159ed startem Ve [&hellip;]<\/p>\n","protected":false},"author":1,"featured_media":0,"comment_status":"closed","ping_status":"closed","sticky":false,"template":"","format":"standard","meta":{"ngg_post_thumbnail":0,"footnotes":""},"categories":[8],"tags":[],"class_list":["post-1909","post","type-post","status-publish","format-standard","hentry","category-fotoreporty"],"_links":{"self":[{"href":"https:\/\/www.caths.cz\/wordpress\/wp-json\/wp\/v2\/posts\/1909","targetHints":{"allow":["GET"]}}],"collection":[{"href":"https:\/\/www.caths.cz\/wordpress\/wp-json\/wp\/v2\/posts"}],"about":[{"href":"https:\/\/www.caths.cz\/wordpress\/wp-json\/wp\/v2\/types\/post"}],"author":[{"embeddable":true,"href":"https:\/\/www.caths.cz\/wordpress\/wp-json\/wp\/v2\/users\/1"}],"replies":[{"embeddable":true,"href":"https:\/\/www.caths.cz\/wordpress\/wp-json\/wp\/v2\/comments?post=1909"}],"version-history":[{"count":0,"href":"https:\/\/www.caths.cz\/wordpress\/wp-json\/wp\/v2\/posts\/1909\/revisions"}],"wp:attachment":[{"href":"https:\/\/www.caths.cz\/wordpress\/wp-json\/wp\/v2\/media?parent=1909"}],"wp:term":[{"taxonomy":"category","embeddable":true,"href":"https:\/\/www.caths.cz\/wordpress\/wp-json\/wp\/v2\/categories?post=1909"},{"taxonomy":"post_tag","embeddable":true,"href":"https:\/\/www.caths.cz\/wordpress\/wp-json\/wp\/v2\/tags?post=1909"}],"curies":[{"name":"wp","href":"https:\/\/api.w.org\/{rel}","templated":true}]}}