{"id":1907,"date":"2011-06-12T22:30:54","date_gmt":"2011-06-12T21:30:54","guid":{"rendered":"http:\/\/www.caths.cz\/wordpress\/?p=1907"},"modified":"2011-06-12T22:30:54","modified_gmt":"2011-06-12T21:30:54","slug":"cykliste-privazeji-ctyri-medalie-ze-svetoveho-poharu","status":"publish","type":"post","link":"https:\/\/www.caths.cz\/wordpress\/cykliste-privazeji-ctyri-medalie-ze-svetoveho-poharu\/","title":{"rendered":"Cyklist\u00e9 p\u0159iv\u00e1\u017eej\u00ed \u010dty\u0159i medalie ze sv\u011btov\u00e9ho poh\u00e1ru!"},"content":{"rendered":"<p align=\"justify\">\u010cty\u0159i cenn\u00e9 kovy p\u0159iv\u00e1\u017eej\u00ed \u010dlenov\u00e9 reprezenta\u010dn\u00edho t\u00fdmu t\u011blesn\u011b a zrakov\u011b handicapovan\u00fdch cyklist\u016f ze Sv\u011btov\u00e9ho poh\u00e1ru ve \u0161pan\u011blsk\u00e9 Segovii a znovu tak potvrdili svou pozici v absolutn\u00ed sv\u011btov\u00e9 \u0161pi\u010dce.<\/p>\n<p align=\"justify\">Dv\u011b st\u0159\u00edbrn\u00e9 medaile vybojovala Tereza Diepoldov\u00e1, kdy\u017e v p\u00e1te\u010dn\u00ed \u010dasovce i ned\u011bln\u00edm silni\u010dn\u00edm z\u00e1vod\u011b na\u0161la p\u0159emo\u017eitelku pouze ve vedouc\u00ed z\u00e1vodnici sv\u011btov\u00e9ho \u017eeb\u0159\u00ed\u010dku, Raquiel Acinas. Tereza dok\u00e1zala v absolutn\u00ed sv\u011btov\u00e9 konkurenci porazit i sv\u011btovou legendu \u017eensk\u00e9 cyklistiky handicapovan\u00fdch, mnohon\u00e1sobnou medailistku mistrovstv\u00ed sv\u011bta i paralympijsk\u00fdch her, Barbaru Buchan z USA.<br \/> St\u0159\u00edbrnou medaili vybojoval ve \u201esv\u00e9\u201c discipl\u00edn\u011b \u2013 \u010dasovce i Ji\u0159\u00ed Je\u017eek, kter\u00fd se pomalu vrac\u00ed zp\u011bt po t\u00e9m\u011b\u0159 m\u011bs\u00ed\u010dn\u00edm tr\u00e9ninkov\u00e9m v\u00fdpadku zap\u0159\u00ed\u010din\u011bn\u00e9m nep\u0159\u00edjemn\u00fdm zran\u011bn\u00edm kotn\u00edku.<br \/> Bronzovou medaili v silni\u010dn\u00edm z\u00e1vod\u011b vybojoval Michal Stark. N\u00e1\u0161 cyklistick\u00fd veter\u00e1n se kone\u010dn\u011b do\u010dkal a p\u0159iv\u00e1\u017e\u00ed dom\u016f svou v\u016fbec prvn\u00ed medaili se z\u00e1vod\u016f sv\u011btov\u00e9ho poh\u00e1ru a stejn\u011b jako Ji\u0159\u00ed Je\u017eek vlastn\u00ed ve sv\u00e9 sb\u00edrce nyn\u00ed cenn\u00e9 kovy ze v\u0161ech v\u00fdznamn\u00fdch sv\u011btov\u00fdch sout\u011b\u017e\u00ed.<\/p>\n<p> <img decoding=\"async\" src=\"\/wordpress\/image\/k_clankum\/segovia2011_2\/336.JPG\"><\/p>\n<p> <img decoding=\"async\" src=\"\/wordpress\/image\/k_clankum\/segovia2011_2\/358.JPG\"><\/p>\n<p> <img decoding=\"async\" src=\"\/wordpress\/image\/k_clankum\/segovia2011_2\/374.JPG\"><\/p>\n<p> <img decoding=\"async\" src=\"\/wordpress\/image\/k_clankum\/segovia2011_2\/419.JPG\"><\/p>\n","protected":false},"excerpt":{"rendered":"<a href=\"https:\/\/www.caths.cz\/wordpress\/cykliste-privazeji-ctyri-medalie-ze-svetoveho-poharu\/\"><img loading=\"lazy\" decoding=\"async\" width=\"100\" height=\"100\" src=\"https:\/\/www.caths.cz\/wordpress\/wp-content\/plugins\/thumbnail-for-excerpts\/tfe_no_thumb.png\" class=\"alignleft wp-post-image tfe\" alt=\"\" title=\"\" \/><\/a><p>\u010cty\u0159i cenn\u00e9 kovy p\u0159iv\u00e1\u017eej\u00ed \u010dlenov\u00e9 reprezenta\u010dn\u00edho t\u00fdmu t\u011blesn\u011b a zrakov\u011b handicapovan\u00fdch cyklist\u016f ze Sv\u011btov\u00e9ho poh\u00e1ru ve \u0161pan\u011blsk\u00e9 Segovii a znovu tak potvrdili svou pozici v absolutn\u00ed sv\u011btov\u00e9 \u0161pi\u010dce. Dv\u011b st\u0159\u00edbrn\u00e9 [&hellip;]<\/p>\n","protected":false},"author":1,"featured_media":0,"comment_status":"closed","ping_status":"closed","sticky":false,"template":"","format":"standard","meta":{"ngg_post_thumbnail":0,"footnotes":""},"categories":[2],"tags":[],"class_list":["post-1907","post","type-post","status-publish","format-standard","hentry","category-cyklistika"],"_links":{"self":[{"href":"https:\/\/www.caths.cz\/wordpress\/wp-json\/wp\/v2\/posts\/1907","targetHints":{"allow":["GET"]}}],"collection":[{"href":"https:\/\/www.caths.cz\/wordpress\/wp-json\/wp\/v2\/posts"}],"about":[{"href":"https:\/\/www.caths.cz\/wordpress\/wp-json\/wp\/v2\/types\/post"}],"author":[{"embeddable":true,"href":"https:\/\/www.caths.cz\/wordpress\/wp-json\/wp\/v2\/users\/1"}],"replies":[{"embeddable":true,"href":"https:\/\/www.caths.cz\/wordpress\/wp-json\/wp\/v2\/comments?post=1907"}],"version-history":[{"count":0,"href":"https:\/\/www.caths.cz\/wordpress\/wp-json\/wp\/v2\/posts\/1907\/revisions"}],"wp:attachment":[{"href":"https:\/\/www.caths.cz\/wordpress\/wp-json\/wp\/v2\/media?parent=1907"}],"wp:term":[{"taxonomy":"category","embeddable":true,"href":"https:\/\/www.caths.cz\/wordpress\/wp-json\/wp\/v2\/categories?post=1907"},{"taxonomy":"post_tag","embeddable":true,"href":"https:\/\/www.caths.cz\/wordpress\/wp-json\/wp\/v2\/tags?post=1907"}],"curies":[{"name":"wp","href":"https:\/\/api.w.org\/{rel}","templated":true}]}}