{"id":1906,"date":"2011-06-11T08:57:19","date_gmt":"2011-06-11T07:57:19","guid":{"rendered":"http:\/\/www.caths.cz\/wordpress\/?p=1906"},"modified":"2011-06-11T08:57:19","modified_gmt":"2011-06-11T07:57:19","slug":"fotoreportaz-z-prvniho-dne-sp-cyklistu","status":"publish","type":"post","link":"https:\/\/www.caths.cz\/wordpress\/fotoreportaz-z-prvniho-dne-sp-cyklistu\/","title":{"rendered":"Fotoreport\u00e1\u017e z prvn\u00edho dne SP cyklist\u016f"},"content":{"rendered":"<p>Foto: So\u0148a Je\u017ekov\u00e1<img decoding=\"async\" src=\"\/wordpress\/image\/k_clankum\/segovia2011_1\/IMG_4413.JPG\"><\/p>\n<p> <img decoding=\"async\" src=\"\/wordpress\/image\/k_clankum\/segovia2011_1\/IMG_4415.JPG\"><\/p>\n<p> <img decoding=\"async\" src=\"\/wordpress\/image\/k_clankum\/segovia2011_1\/IMG_4421.JPG\"><\/p>\n<p> <img decoding=\"async\" src=\"\/wordpress\/image\/k_clankum\/segovia2011_1\/IMG_4470.JPG\"><\/p>\n<p> <img decoding=\"async\" src=\"\/wordpress\/image\/k_clankum\/segovia2011_1\/IMG_4484.JPG\"><\/p>\n<p> <img decoding=\"async\" src=\"\/wordpress\/image\/k_clankum\/segovia2011_1\/IMG_4489.JPG\"><\/p>\n<p> <img decoding=\"async\" src=\"\/wordpress\/image\/k_clankum\/segovia2011_1\/IMG_4492.JPG\"><\/p>\n<p> <img decoding=\"async\" src=\"\/wordpress\/image\/k_clankum\/segovia2011_1\/IMG_4494.JPG\"><\/p>\n<p> <img decoding=\"async\" src=\"\/wordpress\/image\/k_clankum\/segovia2011_1\/IMG_4514.JPG\"><\/p>\n<p> <img decoding=\"async\" src=\"\/wordpress\/image\/k_clankum\/segovia2011_1\/IMG_4516.JPG\"><\/p>\n<p> <img decoding=\"async\" src=\"\/wordpress\/image\/k_clankum\/segovia2011_1\/IMG_4519.JPG\"><\/p>\n<p> <img decoding=\"async\" src=\"\/wordpress\/image\/k_clankum\/segovia2011_1\/IMG_4530.JPG\"><\/p>\n<p> <img decoding=\"async\" src=\"\/wordpress\/image\/k_clankum\/segovia2011_1\/IMG_4533.JPG\"><\/p>\n<p> <img decoding=\"async\" src=\"\/wordpress\/image\/k_clankum\/segovia2011_1\/IMG_4539.JPG\"><\/p>\n<p> <img decoding=\"async\" src=\"\/wordpress\/image\/k_clankum\/segovia2011_1\/tandem1.jpg\"><\/p>\n<p> <img decoding=\"async\" src=\"\/wordpress\/image\/k_clankum\/segovia2011_1\/IMG_4407.JPG\"><\/p>\n","protected":false},"excerpt":{"rendered":"<a href=\"https:\/\/www.caths.cz\/wordpress\/fotoreportaz-z-prvniho-dne-sp-cyklistu\/\"><img loading=\"lazy\" decoding=\"async\" width=\"100\" height=\"100\" src=\"https:\/\/www.caths.cz\/wordpress\/wp-content\/plugins\/thumbnail-for-excerpts\/tfe_no_thumb.png\" class=\"alignleft wp-post-image tfe\" alt=\"\" title=\"\" \/><\/a><p>Foto: So\u0148a Je\u017ekov\u00e1<\/p>\n","protected":false},"author":1,"featured_media":0,"comment_status":"closed","ping_status":"closed","sticky":false,"template":"","format":"standard","meta":{"ngg_post_thumbnail":0,"footnotes":""},"categories":[8],"tags":[],"class_list":["post-1906","post","type-post","status-publish","format-standard","hentry","category-fotoreporty"],"_links":{"self":[{"href":"https:\/\/www.caths.cz\/wordpress\/wp-json\/wp\/v2\/posts\/1906","targetHints":{"allow":["GET"]}}],"collection":[{"href":"https:\/\/www.caths.cz\/wordpress\/wp-json\/wp\/v2\/posts"}],"about":[{"href":"https:\/\/www.caths.cz\/wordpress\/wp-json\/wp\/v2\/types\/post"}],"author":[{"embeddable":true,"href":"https:\/\/www.caths.cz\/wordpress\/wp-json\/wp\/v2\/users\/1"}],"replies":[{"embeddable":true,"href":"https:\/\/www.caths.cz\/wordpress\/wp-json\/wp\/v2\/comments?post=1906"}],"version-history":[{"count":0,"href":"https:\/\/www.caths.cz\/wordpress\/wp-json\/wp\/v2\/posts\/1906\/revisions"}],"wp:attachment":[{"href":"https:\/\/www.caths.cz\/wordpress\/wp-json\/wp\/v2\/media?parent=1906"}],"wp:term":[{"taxonomy":"category","embeddable":true,"href":"https:\/\/www.caths.cz\/wordpress\/wp-json\/wp\/v2\/categories?post=1906"},{"taxonomy":"post_tag","embeddable":true,"href":"https:\/\/www.caths.cz\/wordpress\/wp-json\/wp\/v2\/tags?post=1906"}],"curies":[{"name":"wp","href":"https:\/\/api.w.org\/{rel}","templated":true}]}}