{"id":1905,"date":"2011-06-10T21:27:28","date_gmt":"2011-06-10T20:27:28","guid":{"rendered":"http:\/\/www.caths.cz\/wordpress\/?p=1905"},"modified":"2011-06-10T21:27:28","modified_gmt":"2011-06-10T20:27:28","slug":"uspesne-predstaveni-cyklistu-na-uvod-sp-ve-spanelsku","status":"publish","type":"post","link":"https:\/\/www.caths.cz\/wordpress\/uspesne-predstaveni-cyklistu-na-uvod-sp-ve-spanelsku\/","title":{"rendered":"\u00dasp\u011b\u0161n\u00e9 p\u0159edstaven\u00ed cyklist\u016f na \u00favod SP ve \u0160pan\u011blsku"},"content":{"rendered":"<p align=\"justify\">Ve \u0161pan\u011blsk\u00e9 Segovii se dnes sout\u011b\u017eilo v \u010dasovce jednotlivc\u016f. Tereza Diepoldov\u00e1 a Ji\u0159\u00ed Je\u017eek obsadili ve sv\u00fdch kategori\u00edch druh\u00e1 m\u00edsta, Michal Stark dojel na \u010dtvrt\u00e9 pozici. V\u00edce informac\u00ed p\u0159ineseme.<\/p>\n","protected":false},"excerpt":{"rendered":"<a href=\"https:\/\/www.caths.cz\/wordpress\/uspesne-predstaveni-cyklistu-na-uvod-sp-ve-spanelsku\/\"><img loading=\"lazy\" decoding=\"async\" width=\"100\" height=\"100\" src=\"https:\/\/www.caths.cz\/wordpress\/wp-content\/plugins\/thumbnail-for-excerpts\/tfe_no_thumb.png\" class=\"alignleft wp-post-image tfe\" alt=\"\" title=\"\" \/><\/a><p>Ve \u0161pan\u011blsk\u00e9 Segovii se dnes sout\u011b\u017eilo v \u010dasovce jednotlivc\u016f. Tereza Diepoldov\u00e1 a Ji\u0159\u00ed Je\u017eek obsadili ve sv\u00fdch kategori\u00edch druh\u00e1 m\u00edsta, Michal Stark dojel na \u010dtvrt\u00e9 pozici. V\u00edce informac\u00ed p\u0159ineseme.<\/p>\n","protected":false},"author":1,"featured_media":0,"comment_status":"closed","ping_status":"closed","sticky":false,"template":"","format":"standard","meta":{"ngg_post_thumbnail":0,"footnotes":""},"categories":[2],"tags":[],"class_list":["post-1905","post","type-post","status-publish","format-standard","hentry","category-cyklistika"],"_links":{"self":[{"href":"https:\/\/www.caths.cz\/wordpress\/wp-json\/wp\/v2\/posts\/1905","targetHints":{"allow":["GET"]}}],"collection":[{"href":"https:\/\/www.caths.cz\/wordpress\/wp-json\/wp\/v2\/posts"}],"about":[{"href":"https:\/\/www.caths.cz\/wordpress\/wp-json\/wp\/v2\/types\/post"}],"author":[{"embeddable":true,"href":"https:\/\/www.caths.cz\/wordpress\/wp-json\/wp\/v2\/users\/1"}],"replies":[{"embeddable":true,"href":"https:\/\/www.caths.cz\/wordpress\/wp-json\/wp\/v2\/comments?post=1905"}],"version-history":[{"count":0,"href":"https:\/\/www.caths.cz\/wordpress\/wp-json\/wp\/v2\/posts\/1905\/revisions"}],"wp:attachment":[{"href":"https:\/\/www.caths.cz\/wordpress\/wp-json\/wp\/v2\/media?parent=1905"}],"wp:term":[{"taxonomy":"category","embeddable":true,"href":"https:\/\/www.caths.cz\/wordpress\/wp-json\/wp\/v2\/categories?post=1905"},{"taxonomy":"post_tag","embeddable":true,"href":"https:\/\/www.caths.cz\/wordpress\/wp-json\/wp\/v2\/tags?post=1905"}],"curies":[{"name":"wp","href":"https:\/\/api.w.org\/{rel}","templated":true}]}}