{"id":1903,"date":"2011-06-08T08:47:40","date_gmt":"2011-06-08T07:47:40","guid":{"rendered":"http:\/\/www.caths.cz\/wordpress\/?p=1903"},"modified":"2011-06-08T08:47:40","modified_gmt":"2011-06-08T07:47:40","slug":"druhe-kolo-novomestskeho-poharu-v-lukostrelbe","status":"publish","type":"post","link":"https:\/\/www.caths.cz\/wordpress\/druhe-kolo-novomestskeho-poharu-v-lukostrelbe\/","title":{"rendered":"Druh\u00e9 kolo Novom\u011bstsk\u00e9ho poh\u00e1ru v lukost\u0159elb\u011b"},"content":{"rendered":"\n<p align=\"justify\">Druh\u00e9 kolo poh\u00e1rov\u00e9 sout\u011b\u017ee lukost\u0159ec\u016f prob\u011bhlo v Nov\u00e9m M\u011bst\u011b nad Metuj\u00ed<\/p>\n<p align=\"justify\"> O v\u00edkendu 28. \u2013 29. kv\u011btna 2011 se uskute\u010dnilo druh\u00e9 kolo celorepublikov\u00e9 sout\u011b\u017ee v lukost\u0159elb\u011b \u2013 Novom\u011bstsk\u00fd poh\u00e1r. Z\u00e1vodu se z\u00fa\u010dastnilo celkem 13 lukost\u0159elc\u016f, p\u0159ev\u00e1\u017en\u011b z dom\u00e1c\u00edho odd\u00edlu SK Nov\u00e9 M\u011bsto nad Metuj\u00ed. <\/p>\n<p> V sobotu se, jako hlavn\u00ed z\u00e1vod, st\u0159\u00edlela sestava FITA, ale kdo se na tuto sestavu nec\u00edtil, mohl st\u0159\u00edlet i jin\u00e9 discipl\u00edny. Sout\u011b\u017eilo se jak z kladkov\u00e9ho luku, tak i z reflexn\u00edho luku, a to sout\u011b\u017e \u017een i mu\u017e\u016f. <br \/> V kategorii kladkov\u00fd luk mu\u017ei zv\u00edt\u011bzil Ji\u0159\u00ed Klich st., v kategorii reflexn\u00ed luk mu\u017ei Milan Smondek a v \u017een\u00e1ch st\u0159\u00edlela pouze jedna \u00fa\u010dastnice &#8211; Miroslava \u010cern\u00e1. <br \/> V ned\u011bli se st\u0159\u00edlela kvalifika\u010dn\u00ed sout\u011b\u017e F50 pro kladkov\u00fd luk a F70 pro reflexn\u00ed luk, ze kter\u00e9 se pak ur\u010dilo po\u0159ad\u00ed pro n\u00e1sleduj\u00edc\u00ed eliminace, kter\u00e9 byly pouze u mu\u017e\u016f a to v kategorii kladkov\u00fd luk, kterou vyhr\u00e1l Ji\u0159\u00ed Klich st. a v kategorii reflexn\u00ed luk, kde zv\u00edt\u011bzil Milan Smondek. <\/p>\n<p> V\u0161ichni z\u00fa\u010dastn\u011bn\u00ed byli s pr\u016fb\u011bhem z\u00e1vodu spokojeni. V sobotu, i kdy\u017e odpoledne slab\u011b pr\u0161elo, tak ale bylo bezv\u011bt\u0159\u00ed a n\u011bkte\u0159\u00ed lukost\u0159elci si nast\u0159\u00edleli sv\u00e9 osobn\u00ed rekrordy. <br \/>V n\u011bd\u011bli sice sv\u00edtilo slun\u00ed\u010dko a bylo teplo, ale slab\u011b foukal v\u00edtr, kter\u00fd mo\u017en\u00e1 trochu ovlivnil v\u00fdsledky. <br \/> Po\u0159adatel\u00e9 a sout\u011b\u017e\u00edc\u00ed se u\u017e dnes t\u011b\u0161\u00ed na dal\u0161\u00ed t\u0159et\u00ed kolo Novom\u011bstsk\u00e9ho poh\u00e1ru, kter\u00e9 prob\u011bhne o v\u00edkendu 18. \u2013 19. \u010dervna 2011 na stadi\u00f3nu SK Nov\u00e9 M\u011bsto nad Metuj\u00ed. <\/p>\n<p>\/Petr Kopeck\u00fd, DiS.\/ <\/p>\n<p> V\u00fdsledky 2. kola <a href=\"http:\/\/www.caths.cz\/storage\/lukostrelba\/nmpohar_2kolo.xls\" target=\"_blank\"> zde<\/a> <br \/> Celkov\u00e9 po\u0159ad\u00ed <a href=\"http:\/\/www.caths.cz\/storage\/lukostrelba\/nmpohar_celkove08062011.xls\" target=\"_blank\"> zde<\/a><\/p>\n","protected":false},"excerpt":{"rendered":"<a href=\"https:\/\/www.caths.cz\/wordpress\/druhe-kolo-novomestskeho-poharu-v-lukostrelbe\/\"><img loading=\"lazy\" decoding=\"async\" width=\"100\" height=\"100\" src=\"https:\/\/www.caths.cz\/wordpress\/wp-content\/plugins\/thumbnail-for-excerpts\/tfe_no_thumb.png\" class=\"alignleft wp-post-image tfe\" alt=\"\" title=\"\" \/><\/a><p>Druh\u00e9 kolo poh\u00e1rov\u00e9 sout\u011b\u017ee lukost\u0159ec\u016f prob\u011bhlo v Nov\u00e9m M\u011bst\u011b nad Metuj\u00ed O v\u00edkendu 28. \u2013 29. kv\u011btna 2011 se uskute\u010dnilo druh\u00e9 kolo celorepublikov\u00e9 sout\u011b\u017ee v lukost\u0159elb\u011b \u2013 Novom\u011bstsk\u00fd poh\u00e1r. Z\u00e1vodu [&hellip;]<\/p>\n","protected":false},"author":1,"featured_media":0,"comment_status":"closed","ping_status":"closed","sticky":false,"template":"","format":"standard","meta":{"ngg_post_thumbnail":0,"footnotes":""},"categories":[13],"tags":[],"class_list":["post-1903","post","type-post","status-publish","format-standard","hentry","category-lukostrelba"],"_links":{"self":[{"href":"https:\/\/www.caths.cz\/wordpress\/wp-json\/wp\/v2\/posts\/1903","targetHints":{"allow":["GET"]}}],"collection":[{"href":"https:\/\/www.caths.cz\/wordpress\/wp-json\/wp\/v2\/posts"}],"about":[{"href":"https:\/\/www.caths.cz\/wordpress\/wp-json\/wp\/v2\/types\/post"}],"author":[{"embeddable":true,"href":"https:\/\/www.caths.cz\/wordpress\/wp-json\/wp\/v2\/users\/1"}],"replies":[{"embeddable":true,"href":"https:\/\/www.caths.cz\/wordpress\/wp-json\/wp\/v2\/comments?post=1903"}],"version-history":[{"count":0,"href":"https:\/\/www.caths.cz\/wordpress\/wp-json\/wp\/v2\/posts\/1903\/revisions"}],"wp:attachment":[{"href":"https:\/\/www.caths.cz\/wordpress\/wp-json\/wp\/v2\/media?parent=1903"}],"wp:term":[{"taxonomy":"category","embeddable":true,"href":"https:\/\/www.caths.cz\/wordpress\/wp-json\/wp\/v2\/categories?post=1903"},{"taxonomy":"post_tag","embeddable":true,"href":"https:\/\/www.caths.cz\/wordpress\/wp-json\/wp\/v2\/tags?post=1903"}],"curies":[{"name":"wp","href":"https:\/\/api.w.org\/{rel}","templated":true}]}}