{"id":1902,"date":"2011-06-06T19:16:57","date_gmt":"2011-06-06T18:16:57","guid":{"rendered":"http:\/\/www.caths.cz\/wordpress\/?p=1902"},"modified":"2011-06-06T19:16:57","modified_gmt":"2011-06-06T18:16:57","slug":"ve-svycarskem-oesingenu-pokracoval-zavodni-serial-handbikeru-ehc","status":"publish","type":"post","link":"https:\/\/www.caths.cz\/wordpress\/ve-svycarskem-oesingenu-pokracoval-zavodni-serial-handbikeru-ehc\/","title":{"rendered":"Ve \u0161v\u00fdcarsk\u00e9m Oesingenu pokra\u010doval z\u00e1vodn\u00ed seri\u00e1l handbiker\u016f EHC"},"content":{"rendered":"<p align=\"justify\">\nV p\u00e1tek 3.6. byla na programu \u010dasovka na 11 km, v sobotu pak silni\u010dn\u00ed z\u00e1vod na 70km a na startu se ji\u017e tradi\u010dn\u011b se\u0161la absolutn\u00ed sv\u011btov\u00e1 \u0161pi\u010dka handbiker\u016f.<\/p>\n<p align=\"justify\"> Z na\u0161ich z\u00e1vodn\u00edk\u016f se v kategorii H3 p\u0159edstavil Stanislav B\u00edza, kter\u00fd v siln\u00e9 konkurenci 41 startuj\u00edc\u00edch obsadil v sou\u010dtu obou discipl\u00edn celkov\u00e9 11. m\u00edsto (\u010dasovka 14., silni\u010dn\u00ed z\u00e1vod 13.).<br \/> V je\u0161t\u011b po\u010detn\u011bj\u0161\u00edm poli z\u00e1vodn\u00edk\u016f kategorie H2 dokon\u010dil Jan Tom\u00e1nek celkov\u011b 19. (\u010dasovka 18., silni\u010dn\u00ed z\u00e1vod 20.) a V\u00e1clav Antal odstartoval pouze do silni\u010dn\u00edho z\u00e1vodu, ve kter\u00e9m dojel 27.<br \/> Mezi 22 startuj\u00edc\u00edmi v kategorii H1 pak Pavel Folt\u00fdn obsadil celkov\u00e9 11. m\u00edsto (\u010dasovka 13., silni\u010dn\u00ed z\u00e1vod 9.) a Petr Boh\u00e1\u010dek 20. m\u00edsto (\u010dasovka 19., silni\u010dn\u00ed z\u00e1vod nedokon\u010dil).<\/p>\n<p> Kompletn\u00ed v\u00fdsledky ke sta\u017een\u00ed <a href=\"http:\/\/www.caths.cz\/storage\/handbike\/oensingen2011.pdf\" target=\"_blank\"> zde<\/a><\/p>\n","protected":false},"excerpt":{"rendered":"<a href=\"https:\/\/www.caths.cz\/wordpress\/ve-svycarskem-oesingenu-pokracoval-zavodni-serial-handbikeru-ehc\/\"><img loading=\"lazy\" decoding=\"async\" width=\"100\" height=\"100\" src=\"https:\/\/www.caths.cz\/wordpress\/wp-content\/plugins\/thumbnail-for-excerpts\/tfe_no_thumb.png\" class=\"alignleft wp-post-image tfe\" alt=\"\" title=\"\" \/><\/a><p>V p\u00e1tek 3.6. byla na programu \u010dasovka na 11 km, v sobotu pak silni\u010dn\u00ed z\u00e1vod na 70km a na startu se ji\u017e tradi\u010dn\u011b se\u0161la absolutn\u00ed sv\u011btov\u00e1 \u0161pi\u010dka handbiker\u016f. Z na\u0161ich [&hellip;]<\/p>\n","protected":false},"author":1,"featured_media":0,"comment_status":"closed","ping_status":"closed","sticky":false,"template":"","format":"standard","meta":{"ngg_post_thumbnail":0,"footnotes":""},"categories":[9],"tags":[],"class_list":["post-1902","post","type-post","status-publish","format-standard","hentry","category-handbike"],"_links":{"self":[{"href":"https:\/\/www.caths.cz\/wordpress\/wp-json\/wp\/v2\/posts\/1902","targetHints":{"allow":["GET"]}}],"collection":[{"href":"https:\/\/www.caths.cz\/wordpress\/wp-json\/wp\/v2\/posts"}],"about":[{"href":"https:\/\/www.caths.cz\/wordpress\/wp-json\/wp\/v2\/types\/post"}],"author":[{"embeddable":true,"href":"https:\/\/www.caths.cz\/wordpress\/wp-json\/wp\/v2\/users\/1"}],"replies":[{"embeddable":true,"href":"https:\/\/www.caths.cz\/wordpress\/wp-json\/wp\/v2\/comments?post=1902"}],"version-history":[{"count":0,"href":"https:\/\/www.caths.cz\/wordpress\/wp-json\/wp\/v2\/posts\/1902\/revisions"}],"wp:attachment":[{"href":"https:\/\/www.caths.cz\/wordpress\/wp-json\/wp\/v2\/media?parent=1902"}],"wp:term":[{"taxonomy":"category","embeddable":true,"href":"https:\/\/www.caths.cz\/wordpress\/wp-json\/wp\/v2\/categories?post=1902"},{"taxonomy":"post_tag","embeddable":true,"href":"https:\/\/www.caths.cz\/wordpress\/wp-json\/wp\/v2\/tags?post=1902"}],"curies":[{"name":"wp","href":"https:\/\/api.w.org\/{rel}","templated":true}]}}