{"id":1901,"date":"2011-06-05T09:24:35","date_gmt":"2011-06-05T08:24:35","guid":{"rendered":"http:\/\/www.caths.cz\/wordpress\/?p=1901"},"modified":"2011-06-05T09:24:35","modified_gmt":"2011-06-05T08:24:35","slug":"i-posledni-proverka-pred-svetovym-poharem-nasim-cyklistum-vysla","status":"publish","type":"post","link":"https:\/\/www.caths.cz\/wordpress\/i-posledni-proverka-pred-svetovym-poharem-nasim-cyklistum-vysla\/","title":{"rendered":"I posledn\u00ed prov\u011brka p\u0159ed Sv\u011btov\u00fdm poh\u00e1rem na\u0161im cyklist\u016fm vy\u0161la"},"content":{"rendered":"<p><P align=\"justify\"><br \/>\nT\u00fdden p\u0159ed Sv\u011btov\u00fdm poh\u00e1rem ve \u0160pan\u011blsku si dali cyklist\u00e9 dostaven\u00ed\u010dko ve \u0161v\u00fdcarsk\u00e9m Gippingenu k dal\u0161\u00edmu z podnik\u016f Evropsk\u00e9ho poh\u00e1ru.<br \/>\nA i tento z\u00e1vod byl pro \u010desk\u00e9 barvy velmi \u00fasp\u011b\u0161n\u00fd. Ji\u0159\u00ed Je\u017eek a Michal Stark si odv\u00e1\u017eej\u00ed zlato a Tereza Diepoldov\u00e1 st\u0159\u00edbro.<\/p>\n<p><img decoding=\"async\" src=\"\/wordpress\/image\/k_clankum\/gip11_1.jpg\"><\/p>\n<p> <img decoding=\"async\" src=\"\/wordpress\/image\/k_clankum\/gip11_2.jpg\"><\/p>\n","protected":false},"excerpt":{"rendered":"<a href=\"https:\/\/www.caths.cz\/wordpress\/i-posledni-proverka-pred-svetovym-poharem-nasim-cyklistum-vysla\/\"><img loading=\"lazy\" decoding=\"async\" width=\"100\" height=\"100\" src=\"https:\/\/www.caths.cz\/wordpress\/wp-content\/plugins\/thumbnail-for-excerpts\/tfe_no_thumb.png\" class=\"alignleft wp-post-image tfe\" alt=\"\" title=\"\" \/><\/a><p>T\u00fdden p\u0159ed Sv\u011btov\u00fdm poh\u00e1rem ve \u0160pan\u011blsku si dali cyklist\u00e9 dostaven\u00ed\u010dko ve \u0161v\u00fdcarsk\u00e9m Gippingenu k dal\u0161\u00edmu z podnik\u016f Evropsk\u00e9ho poh\u00e1ru. A i tento z\u00e1vod byl pro \u010desk\u00e9 barvy velmi \u00fasp\u011b\u0161n\u00fd. Ji\u0159\u00ed [&hellip;]<\/p>\n","protected":false},"author":1,"featured_media":0,"comment_status":"closed","ping_status":"closed","sticky":false,"template":"","format":"standard","meta":{"ngg_post_thumbnail":0,"footnotes":""},"categories":[2],"tags":[],"class_list":["post-1901","post","type-post","status-publish","format-standard","hentry","category-cyklistika"],"_links":{"self":[{"href":"https:\/\/www.caths.cz\/wordpress\/wp-json\/wp\/v2\/posts\/1901","targetHints":{"allow":["GET"]}}],"collection":[{"href":"https:\/\/www.caths.cz\/wordpress\/wp-json\/wp\/v2\/posts"}],"about":[{"href":"https:\/\/www.caths.cz\/wordpress\/wp-json\/wp\/v2\/types\/post"}],"author":[{"embeddable":true,"href":"https:\/\/www.caths.cz\/wordpress\/wp-json\/wp\/v2\/users\/1"}],"replies":[{"embeddable":true,"href":"https:\/\/www.caths.cz\/wordpress\/wp-json\/wp\/v2\/comments?post=1901"}],"version-history":[{"count":0,"href":"https:\/\/www.caths.cz\/wordpress\/wp-json\/wp\/v2\/posts\/1901\/revisions"}],"wp:attachment":[{"href":"https:\/\/www.caths.cz\/wordpress\/wp-json\/wp\/v2\/media?parent=1901"}],"wp:term":[{"taxonomy":"category","embeddable":true,"href":"https:\/\/www.caths.cz\/wordpress\/wp-json\/wp\/v2\/categories?post=1901"},{"taxonomy":"post_tag","embeddable":true,"href":"https:\/\/www.caths.cz\/wordpress\/wp-json\/wp\/v2\/tags?post=1901"}],"curies":[{"name":"wp","href":"https:\/\/api.w.org\/{rel}","templated":true}]}}