{"id":1900,"date":"2011-06-03T00:03:32","date_gmt":"2011-06-02T23:03:32","guid":{"rendered":"http:\/\/www.caths.cz\/wordpress\/?p=1900"},"modified":"2011-06-03T00:03:32","modified_gmt":"2011-06-02T23:03:32","slug":"sportovni-strelci-maji-za-sebou-2-kola-ceskeho-poharu-2011","status":"publish","type":"post","link":"https:\/\/www.caths.cz\/wordpress\/sportovni-strelci-maji-za-sebou-2-kola-ceskeho-poharu-2011\/","title":{"rendered":"Sportovn\u00ed st\u0159elci maj\u00ed za sebou 2 kola \u010cesk\u00e9ho poh\u00e1ru 2011"},"content":{"rendered":"<p>Oba z\u00e1vody prob\u011bhly na plze\u0148sk\u00e9 st\u0159elnici <strong>1. kolo &#8211; 22. &#8211; 23.4.<\/strong><\/p>\n<p> P1 &#8211; 1. m\u00edsto Mar\u010dan, 2. m\u00edsto Gronsk\u00fd, 3. m\u00edsto Jane\u010dek (\u010cSTPS)<br \/> P3 &#8211; 1. m\u00edsto Mar\u010dan, 2. m\u00edsto Gronsk\u00fd, 3. m\u00edsto Krystyn\u00edk<br \/> P4 &#8211; 1. m\u00edsto Gronsk\u00fd, 2. m\u00edsto \u0160kvaro, 3. m\u00edsto Krystyn\u00edk<\/p>\n<p> <strong>2. kolo &#8211; 27. &#8211; 28.5.<\/strong><\/p>\n<p> P1 &#8211; 1. m\u00edsto Mar\u010dan, 2. m\u00edsto \u0160kvaro, 3. m\u00edsto Gronsk\u00fd<br \/> P3 &#8211; 1. m\u00edsto Mar\u010dan, 2. m\u00edsto \u0160kvaro, 3. m\u00edsto Krystyn\u00edk<br \/> P4 &#8211; 1. m\u00edsto Gronsk\u00fd, 2. m\u00edsto \u0160kvaro, 3. m\u00edsto Jane\u010dek (\u010cSTPS)<\/p>\n<p> T\u0159et\u00ed kolo \u010cP (KZR) se bude konat v Plzni 1. &#8211; 2.7.2011. <\/p>\n<p> <img decoding=\"async\" src=\"\/wordpress\/image\/k_clankum\/str11_1.jpg\"><\/p>\n<p> <img decoding=\"async\" src=\"\/wordpress\/image\/k_clankum\/str11_2.jpg\"><\/p>\n","protected":false},"excerpt":{"rendered":"<a href=\"https:\/\/www.caths.cz\/wordpress\/sportovni-strelci-maji-za-sebou-2-kola-ceskeho-poharu-2011\/\"><img loading=\"lazy\" decoding=\"async\" width=\"100\" height=\"100\" src=\"https:\/\/www.caths.cz\/wordpress\/wp-content\/plugins\/thumbnail-for-excerpts\/tfe_no_thumb.png\" class=\"alignleft wp-post-image tfe\" alt=\"\" title=\"\" \/><\/a><p>Oba z\u00e1vody prob\u011bhly na plze\u0148sk\u00e9 st\u0159elnici 1. kolo &#8211; 22. &#8211; 23.4. P1 &#8211; 1. m\u00edsto Mar\u010dan, 2. m\u00edsto Gronsk\u00fd, 3. m\u00edsto Jane\u010dek (\u010cSTPS) P3 &#8211; 1. m\u00edsto Mar\u010dan, 2. [&hellip;]<\/p>\n","protected":false},"author":1,"featured_media":0,"comment_status":"closed","ping_status":"closed","sticky":false,"template":"","format":"standard","meta":{"ngg_post_thumbnail":0,"footnotes":""},"categories":[18],"tags":[],"class_list":["post-1900","post","type-post","status-publish","format-standard","hentry","category-strelba"],"_links":{"self":[{"href":"https:\/\/www.caths.cz\/wordpress\/wp-json\/wp\/v2\/posts\/1900","targetHints":{"allow":["GET"]}}],"collection":[{"href":"https:\/\/www.caths.cz\/wordpress\/wp-json\/wp\/v2\/posts"}],"about":[{"href":"https:\/\/www.caths.cz\/wordpress\/wp-json\/wp\/v2\/types\/post"}],"author":[{"embeddable":true,"href":"https:\/\/www.caths.cz\/wordpress\/wp-json\/wp\/v2\/users\/1"}],"replies":[{"embeddable":true,"href":"https:\/\/www.caths.cz\/wordpress\/wp-json\/wp\/v2\/comments?post=1900"}],"version-history":[{"count":0,"href":"https:\/\/www.caths.cz\/wordpress\/wp-json\/wp\/v2\/posts\/1900\/revisions"}],"wp:attachment":[{"href":"https:\/\/www.caths.cz\/wordpress\/wp-json\/wp\/v2\/media?parent=1900"}],"wp:term":[{"taxonomy":"category","embeddable":true,"href":"https:\/\/www.caths.cz\/wordpress\/wp-json\/wp\/v2\/categories?post=1900"},{"taxonomy":"post_tag","embeddable":true,"href":"https:\/\/www.caths.cz\/wordpress\/wp-json\/wp\/v2\/tags?post=1900"}],"curies":[{"name":"wp","href":"https:\/\/api.w.org\/{rel}","templated":true}]}}