{"id":1899,"date":"2011-06-02T10:01:28","date_gmt":"2011-06-02T09:01:28","guid":{"rendered":"http:\/\/www.caths.cz\/wordpress\/?p=1899"},"modified":"2011-06-02T10:01:28","modified_gmt":"2011-06-02T09:01:28","slug":"3kolo-cp-mtb-handicapovanych-cyklistu-se-pojede-v-hradci-kralove","status":"publish","type":"post","link":"https:\/\/www.caths.cz\/wordpress\/3kolo-cp-mtb-handicapovanych-cyklistu-se-pojede-v-hradci-kralove\/","title":{"rendered":"3.kolo \u010cP MTB handicapovan\u00fdch cyklist\u016f se pojede v Hradci Kr\u00e1lov\u00e9"},"content":{"rendered":"<p align=\"justify\"> Na start se postav\u00ed i ru\u010dn\u00ed kola, tzv. handbike. Handbike je alternativou b\u011b\u017en\u00e9ho kola pro lidi, co nemohou zapojit nohy, p\u0159ev\u00e1\u017en\u011b to jsou voz\u00ed\u010dk\u00e1\u0159i. Trasa tohoto z\u00e1vodu je relativn\u011b snadn\u00e1 s absenc\u00ed v\u00fdrazn\u00fdch p\u0159ev\u00fd\u0161en\u00ed, co\u017e vyhovuje j\u00edzd\u011b na handbike. P\u0159edchoz\u00ed dva poh\u00e1rov\u00e9 z\u00e1vody pat\u0159ily mezi ty t\u011b\u017e\u0161\u00ed a kategorie handbike na nich nebyla vypsan\u00e1. \u010cesk\u00e9mu poh\u00e1ru v kategorii C4 a C5 zat\u00edm kraluje Tom\u00e1\u0161 Kajnar, t\u011bsn\u011b n\u00e1sledov\u00e1n Petrem Kocmanem.<img decoding=\"async\" src=\"\/wordpress\/image\/k_clankum\/h4_ck.jpg\" ALIGN=\"right\" HSPACE=5 VSPACE=5\"> <\/p>\n<p> V kategorii handbike se bude o po\u0159ad\u00ed rozhodovat teprve v ned\u011bli. P\u0159edem prozrad\u00edme, \u017ee poh\u00e1rov\u00e9 z\u00e1vody pojedou i \u017eeny. Na hradeck\u00e9 trati se div\u00e1k\u016fm p\u0159edstav\u00ed Petra Hurtov\u00e1, kter\u00e1 si tuto formu cyklistiky p\u0159\u00edmo zamilovala. Sm\u011ble si troufneme \u0159\u00edci, \u017ee je favoritkou, a na putovn\u00edm poh\u00e1ru se mo\u017en\u00e1 bude py\u0161nit jej\u00ed jm\u00e9no.<\/p>\n<p> Poh\u00e1rov\u00e9 z\u00e1vody organizuje \u010cesk\u00e1 asociace t\u011blesn\u011b handicapovan\u00fdch sportovc\u016f \u010cATHS a ob\u010dansk\u00e9 sdru\u017een\u00ed \u010cern\u00ed kon\u011b, spole\u010dn\u011b s organiz\u00e1tory jednotliv\u00fdch z\u00e1vod\u016f.<br \/> V p\u0159\u00edpad\u011b s\u00e9rie z\u00e1vod\u016f Cyklomaraton Tour, se spolupr\u00e1ce \u010cern\u00fdch kon\u00ed zm\u011bnila na partnerstv\u00ed, co\u017e pro cyklistiku handicapovan\u00fdch p\u0159in\u00e1\u0161\u00ed jen pozitiva. Handicapovan\u00ed cyklist\u00e9 zcela jist\u011b ocen\u00ed bezplatn\u00fd start, kter\u00fd z\u00edsk\u00e1vaj\u00ed, jako projev respektu p\u0159ed sportovn\u00edmi v\u00fdkony, od Cyklomaraton Tour.<\/p>\n<p> Prezentace bude prob\u00edhat v ned\u011bli v m\u00edst\u011b z\u00e1vodu od 8:00 do 10:30. Z\u00e1vodn\u00edk\u016fm startuj\u00edc\u00edm v kategori\u00edch handicap doporu\u010dujeme p\u0159ed p\u0159ihl\u00e1\u0161en\u00edm k z\u00e1vodu nav\u0161t\u00edvit stan \u010cern\u00fdch kon\u00ed, kde se dozv\u00ed v\u0161echny podstatn\u00e9 informace, a nav\u00edc se zaregistruj\u00ed do poh\u00e1rov\u00e9 sout\u011b\u017ee. Prezentace, start, i c\u00edl se bude odehr\u00e1vat na v\u0161esportovn\u00edm stadionu v Hradci Kr\u00e1lov\u00e9. Handicapovan\u00fdm bude slou\u017eit stan \u010cern\u00fdch kon\u00ed jako z\u00e1zem\u00ed, m\u00e1me p\u0159ipraveno bezbari\u00e9rov\u00e9 WC a v p\u0159istaven\u00e9m aut\u011b si mohou odlo\u017eit cenn\u00e9 v\u011bci. <\/p>\n<p> Pravidla \u010cP a dal\u0161\u00ed informace naleznete na <a href=\"http:\/\/www.cernikone.cz\" target=\"_blank\"> www.cernikone.cz<\/a><\/p>\n<p> Propozice, registrace aj. <a href=\"http:\/\/www.cyklomaratontour.cz\/okolohradce\/\" target=\"_blank\"> zde<\/a> <\/p>\n","protected":false},"excerpt":{"rendered":"<a href=\"https:\/\/www.caths.cz\/wordpress\/3kolo-cp-mtb-handicapovanych-cyklistu-se-pojede-v-hradci-kralove\/\"><img loading=\"lazy\" decoding=\"async\" width=\"100\" height=\"100\" src=\"https:\/\/www.caths.cz\/wordpress\/wp-content\/plugins\/thumbnail-for-excerpts\/tfe_no_thumb.png\" class=\"alignleft wp-post-image tfe\" alt=\"\" title=\"\" \/><\/a><p>Na start se postav\u00ed i ru\u010dn\u00ed kola, tzv. handbike. Handbike je alternativou b\u011b\u017en\u00e9ho kola pro lidi, co nemohou zapojit nohy, p\u0159ev\u00e1\u017en\u011b to jsou voz\u00ed\u010dk\u00e1\u0159i. Trasa tohoto z\u00e1vodu je relativn\u011b snadn\u00e1 [&hellip;]<\/p>\n","protected":false},"author":1,"featured_media":0,"comment_status":"closed","ping_status":"closed","sticky":false,"template":"","format":"standard","meta":{"ngg_post_thumbnail":0,"footnotes":""},"categories":[40],"tags":[],"class_list":["post-1899","post","type-post","status-publish","format-standard","hentry","category-pojed-s-nami"],"_links":{"self":[{"href":"https:\/\/www.caths.cz\/wordpress\/wp-json\/wp\/v2\/posts\/1899","targetHints":{"allow":["GET"]}}],"collection":[{"href":"https:\/\/www.caths.cz\/wordpress\/wp-json\/wp\/v2\/posts"}],"about":[{"href":"https:\/\/www.caths.cz\/wordpress\/wp-json\/wp\/v2\/types\/post"}],"author":[{"embeddable":true,"href":"https:\/\/www.caths.cz\/wordpress\/wp-json\/wp\/v2\/users\/1"}],"replies":[{"embeddable":true,"href":"https:\/\/www.caths.cz\/wordpress\/wp-json\/wp\/v2\/comments?post=1899"}],"version-history":[{"count":0,"href":"https:\/\/www.caths.cz\/wordpress\/wp-json\/wp\/v2\/posts\/1899\/revisions"}],"wp:attachment":[{"href":"https:\/\/www.caths.cz\/wordpress\/wp-json\/wp\/v2\/media?parent=1899"}],"wp:term":[{"taxonomy":"category","embeddable":true,"href":"https:\/\/www.caths.cz\/wordpress\/wp-json\/wp\/v2\/categories?post=1899"},{"taxonomy":"post_tag","embeddable":true,"href":"https:\/\/www.caths.cz\/wordpress\/wp-json\/wp\/v2\/tags?post=1899"}],"curies":[{"name":"wp","href":"https:\/\/api.w.org\/{rel}","templated":true}]}}