{"id":1898,"date":"2011-06-01T08:26:03","date_gmt":"2011-06-01T07:26:03","guid":{"rendered":"http:\/\/www.caths.cz\/wordpress\/?p=1898"},"modified":"2011-06-01T08:26:03","modified_gmt":"2011-06-01T07:26:03","slug":"fotoreportaz-z-mcr-v-plavani","status":"publish","type":"post","link":"https:\/\/www.caths.cz\/wordpress\/fotoreportaz-z-mcr-v-plavani\/","title":{"rendered":"Fotoreport\u00e1\u017e z M\u010cR v plav\u00e1n\u00ed"},"content":{"rendered":"<p align=\"justify\">V\u00edkendov\u00e9 z\u00e1vody Czech Open 2011 v plav\u00e1n\u00ed otev\u00edral prim\u00e1tor \u010cesk\u00fdch Bud\u011bjovic, Juraj Thoma, za asistence nejlep\u0161\u00ed handicapovan\u00e9 sportovkyn\u011b roku 2010, B\u011bly T\u0159eb\u00ednov\u00e9. Pop\u0159\u00e1l v\u0161em z\u00fa\u010dastn\u011bn\u00fdm sportovc\u016fm ze Slovenska, Islandu a \u010cesk\u00e9 republiky hodn\u011b \u0161t\u011bst\u00ed a dobr\u00e9 v\u00fdkony.<\/p>\n<p>Foto: Jan Pov\u00fd\u0161il<\/p>\n<p><img decoding=\"async\" src=\"\/wordpress\/image\/k_clankum\/mcr_plavani2011\/zahajeni_-_Juraj_Thoma_a_Bela_Trebinova.JPG\"><\/p>\n<p>Zah\u00e1jen\u00ed &#8211; Juraj Thoma a B\u011bla T\u0159eb\u00ednov\u00e1 <\/p>\n<p><img decoding=\"async\" src=\"\/wordpress\/image\/k_clankum\/mcr_plavani2011\/Arnost_Petracek.JPG\"><\/p>\n<p>Arno\u0161t Petr\u00e1\u010dek <\/p>\n<p><img decoding=\"async\" src=\"\/wordpress\/image\/k_clankum\/mcr_plavani2011\/Filip_Coufal_(2).JPG\"><\/p>\n<p>Filip Coufal <\/p>\n<p><img decoding=\"async\" src=\"\/wordpress\/image\/k_clankum\/mcr_plavani2011\/_MG_6533.JPG\"> <\/p>\n<p><img decoding=\"async\" src=\"\/wordpress\/image\/k_clankum\/mcr_plavani2011\/_MG_6394_(2).JPG\"> <\/p>\n<p><img decoding=\"async\" src=\"\/wordpress\/image\/k_clankum\/mcr_plavani2011\/reditel_zavodu_Bedrich_Povysil_a_primator_ceskych_Budejovic_Juraj_Thoma.JPG\"><\/p>\n<p>\u0158editel z\u00e1vodu Bed\u0159ich Pov\u00fd\u0161il a prim\u00e1tor \u010cesk\u00fdch Bud\u011bjovic Juraj Thoma <\/p>\n<p><img decoding=\"async\" src=\"\/wordpress\/image\/k_clankum\/mcr_plavani2011\/diplomy_odevzdava_Jaroslav_Krecek.JPG\"><\/p>\n<p>Diplomy p\u0159ed\u00e1v\u00e1 Jaroslav K\u0159e\u010dek <\/p>\n<p><img decoding=\"async\" src=\"\/wordpress\/image\/k_clankum\/mcr_plavani2011\/_MG_6824.JPG\"> <\/p>\n<p><img decoding=\"async\" src=\"\/wordpress\/image\/k_clankum\/mcr_plavani2011\/_MG_6440.JPG\"> <\/p>\n<p><img decoding=\"async\" src=\"\/wordpress\/image\/k_clankum\/mcr_plavani2011\/_MG_6466.JPG\"> <\/p>\n<p><img decoding=\"async\" src=\"\/wordpress\/image\/k_clankum\/mcr_plavani2011\/Marian_Fiala.JPG\"><\/p>\n<p>Marian Fiala <\/p>\n<p><img decoding=\"async\" src=\"\/wordpress\/image\/k_clankum\/mcr_plavani2011\/Katerina_Kuldova.JPG\"><\/p>\n<p>Kate\u0159ina Kuldov\u00e1 <\/p>\n<p><img decoding=\"async\" src=\"\/wordpress\/image\/k_clankum\/mcr_plavani2011\/Filip_Coufal.JPG\"><\/p>\n<p>Filip Coufal <\/p>\n<p><img decoding=\"async\" src=\"\/wordpress\/image\/k_clankum\/mcr_plavani2011\/reditel_zavodu_Bedrich_Povysil,_Katerina_Kuldova_-_nejlepsi_zensky_vykon.JPG\"><\/p>\n<p> \u0158editel z\u00e1vodu Bed\u0159ich Pov\u00fd\u0161il, Kate\u0159ina Kuldov\u00e1 &#8211; nejlep\u0161\u00ed \u017eensk\u00fd v\u00fdkon <\/p>\n<p><img decoding=\"async\" src=\"\/wordpress\/image\/k_clankum\/mcr_plavani2011\/primator_Juraj_Thoma_v_rozhovoru_s_plavci.JPG\"><\/p>\n<p> Prim\u00e1tor v rozhovoru s plavci <\/p>\n<p><img decoding=\"async\" src=\"\/wordpress\/image\/k_clankum\/mcr_plavani2011\/_MG_6635.JPG\"> <\/p>\n<p><img decoding=\"async\" src=\"\/wordpress\/image\/k_clankum\/mcr_plavani2011\/_MG_6639.JPG\"> <\/p>\n<p><img decoding=\"async\" src=\"\/wordpress\/image\/k_clankum\/mcr_plavani2011\/_MG_6746.JPG\"> <\/p>\n<p><img decoding=\"async\" src=\"\/wordpress\/image\/k_clankum\/mcr_plavani2011\/_MG_6796.JPG\"> <\/p>\n<p><img decoding=\"async\" src=\"\/wordpress\/image\/k_clankum\/mcr_plavani2011\/_MG_6802.JPG\"> <\/p>\n<p><img decoding=\"async\" src=\"\/wordpress\/image\/k_clankum\/mcr_plavani2011\/_MG_6857).JPG\"> <\/p>\n<p><img decoding=\"async\" src=\"\/wordpress\/image\/k_clankum\/mcr_plavani2011\/NK4L5269.JPG\"> <\/p>\n<p><img decoding=\"async\" src=\"\/wordpress\/image\/k_clankum\/mcr_plavani2011\/NK4L5277.JPG\"><\/p>\n","protected":false},"excerpt":{"rendered":"<a href=\"https:\/\/www.caths.cz\/wordpress\/fotoreportaz-z-mcr-v-plavani\/\"><img loading=\"lazy\" decoding=\"async\" width=\"100\" height=\"100\" src=\"https:\/\/www.caths.cz\/wordpress\/wp-content\/plugins\/thumbnail-for-excerpts\/tfe_no_thumb.png\" class=\"alignleft wp-post-image tfe\" alt=\"\" title=\"\" \/><\/a><p>V\u00edkendov\u00e9 z\u00e1vody Czech Open 2011 v plav\u00e1n\u00ed otev\u00edral prim\u00e1tor \u010cesk\u00fdch Bud\u011bjovic, Juraj Thoma, za asistence nejlep\u0161\u00ed handicapovan\u00e9 sportovkyn\u011b roku 2010, B\u011bly T\u0159eb\u00ednov\u00e9. Pop\u0159\u00e1l v\u0161em z\u00fa\u010dastn\u011bn\u00fdm sportovc\u016fm ze Slovenska, Islandu a [&hellip;]<\/p>\n","protected":false},"author":1,"featured_media":0,"comment_status":"closed","ping_status":"closed","sticky":false,"template":"","format":"standard","meta":{"ngg_post_thumbnail":0,"footnotes":""},"categories":[8],"tags":[],"class_list":["post-1898","post","type-post","status-publish","format-standard","hentry","category-fotoreporty"],"_links":{"self":[{"href":"https:\/\/www.caths.cz\/wordpress\/wp-json\/wp\/v2\/posts\/1898","targetHints":{"allow":["GET"]}}],"collection":[{"href":"https:\/\/www.caths.cz\/wordpress\/wp-json\/wp\/v2\/posts"}],"about":[{"href":"https:\/\/www.caths.cz\/wordpress\/wp-json\/wp\/v2\/types\/post"}],"author":[{"embeddable":true,"href":"https:\/\/www.caths.cz\/wordpress\/wp-json\/wp\/v2\/users\/1"}],"replies":[{"embeddable":true,"href":"https:\/\/www.caths.cz\/wordpress\/wp-json\/wp\/v2\/comments?post=1898"}],"version-history":[{"count":0,"href":"https:\/\/www.caths.cz\/wordpress\/wp-json\/wp\/v2\/posts\/1898\/revisions"}],"wp:attachment":[{"href":"https:\/\/www.caths.cz\/wordpress\/wp-json\/wp\/v2\/media?parent=1898"}],"wp:term":[{"taxonomy":"category","embeddable":true,"href":"https:\/\/www.caths.cz\/wordpress\/wp-json\/wp\/v2\/categories?post=1898"},{"taxonomy":"post_tag","embeddable":true,"href":"https:\/\/www.caths.cz\/wordpress\/wp-json\/wp\/v2\/tags?post=1898"}],"curies":[{"name":"wp","href":"https:\/\/api.w.org\/{rel}","templated":true}]}}