{"id":1897,"date":"2011-05-31T11:37:26","date_gmt":"2011-05-31T10:37:26","guid":{"rendered":"http:\/\/www.caths.cz\/wordpress\/?p=1897"},"modified":"2011-05-31T11:37:26","modified_gmt":"2011-05-31T10:37:26","slug":"jiri-jezek-tereza-diepoldova-a-michal-stark-uspesni-na-evropskem-poharu-v-italii","status":"publish","type":"post","link":"https:\/\/www.caths.cz\/wordpress\/jiri-jezek-tereza-diepoldova-a-michal-stark-uspesni-na-evropskem-poharu-v-italii\/","title":{"rendered":"Ji\u0159\u00ed Je\u017eek, Tereza Diepoldov\u00e1 a Michal Stark \u00fasp\u011b\u0161n\u00ed na Evropsk\u00e9m poh\u00e1ru v It\u00e1lii"},"content":{"rendered":"<p align=\"justify\">\nV\u00edt\u011bzem kategorie C4 se stal Ji\u0159\u00ed Je\u017eek. Zdravotn\u00ed stav \u00fa\u0159aduj\u00edc\u00edho mistra sv\u011bta sice st\u00e1le je\u0161t\u011b nen\u00ed ide\u00e1ln\u00ed, Jirka zat\u00edm nem\u016f\u017ee jezdit t\u011b\u017ek\u00e9 p\u0159evody, kter\u00e9 pou\u017e\u00edv\u00e1 v z\u00e1vodech, nicm\u00e9n\u011b z\u00e1vod v It\u00e1lii absolvoval s p\u0159ehledem a celkov\u00e9 prvn\u00ed m\u00edsto v sou\u010dtu silni\u010dn\u00edho z\u00e1vodu a \u010dasovky m\u011bl neust\u00e1le pod kontrolou.<\/p>\n<p align=\"justify\"> Znovu se tak\u00e9 potvrdila vynikaj\u00edc\u00ed v\u00fdkonnost Terezy Diepoldov\u00e9, kter\u00e1 nesta\u010dila pouze na vedouc\u00ed \u017eenu sv\u011btov\u00e9ho \u017eeb\u0159\u00ed\u010dku, Raquel Acinas ze \u0160pan\u011blska. <br \/> Michal Stark vybojoval bronz. <\/p>\n<p> Ve \u010dtvrtek se n\u00e1rodn\u00ed t\u00fdm p\u0159esouv\u00e1 k dal\u0161\u00edm z\u00e1vod\u016fm Evropsk\u00e9ho poh\u00e1ru, tentokr\u00e1t do \u0161v\u00fdcarsk\u00e9ho Gippingenu. <\/p>\n<p> <img decoding=\"async\" src=\"\/wordpress\/image\/k_clankum\/piacenza2011\/2011_Piacenza_EP_012.jpg\"><\/p>\n<p> <img decoding=\"async\" src=\"\/wordpress\/image\/k_clankum\/piacenza2011\/2011_Piacenza_EP_019.jpg\"><\/p>\n<p> <img decoding=\"async\" src=\"\/wordpress\/image\/k_clankum\/piacenza2011\/2011_Piacenza_EP_021.jpg\"><\/p>\n<p> <img decoding=\"async\" src=\"\/wordpress\/image\/k_clankum\/piacenza2011\/2011_Piacenza_EP_032.jpg\"><\/p>\n<p> <img decoding=\"async\" src=\"\/wordpress\/image\/k_clankum\/piacenza2011\/2011_Piacenza_EP_036.jpg\"><\/p>\n<p> <img decoding=\"async\" src=\"\/wordpress\/image\/k_clankum\/piacenza2011\/2011_Piacenza_EP_045.jpg\"><\/p>\n<p> <img decoding=\"async\" src=\"\/wordpress\/image\/k_clankum\/piacenza2011\/2011_Piacenza_EP_048.jpg\"><\/p>\n<p> <img decoding=\"async\" src=\"\/wordpress\/image\/k_clankum\/piacenza2011\/2011_Piacenza_EP_050.jpg\"><\/p>\n<p> <img decoding=\"async\" src=\"\/wordpress\/image\/k_clankum\/piacenza2011\/2011_Piacenza_EP_057.jpg\"><\/p>\n<p> <img decoding=\"async\" src=\"\/wordpress\/image\/k_clankum\/piacenza2011\/2011_Piacenza_EP_064.jpg\"><\/p>\n<p> <img decoding=\"async\" src=\"\/wordpress\/image\/k_clankum\/piacenza2011\/2011_Piacenza_EP_068.jpg\"><\/p>\n<p> <img decoding=\"async\" src=\"\/wordpress\/image\/k_clankum\/piacenza2011\/2011_Piacenza_EP_070.jpg\"> <\/p>\n<p> <img decoding=\"async\" src=\"\/wordpress\/image\/k_clankum\/piacenza2011\/2011_Piacenza_EP_008.jpg\"><\/p>\n","protected":false},"excerpt":{"rendered":"<a href=\"https:\/\/www.caths.cz\/wordpress\/jiri-jezek-tereza-diepoldova-a-michal-stark-uspesni-na-evropskem-poharu-v-italii\/\"><img loading=\"lazy\" decoding=\"async\" width=\"100\" height=\"100\" src=\"https:\/\/www.caths.cz\/wordpress\/wp-content\/plugins\/thumbnail-for-excerpts\/tfe_no_thumb.png\" class=\"alignleft wp-post-image tfe\" alt=\"\" title=\"\" \/><\/a><p>V\u00edt\u011bzem kategorie C4 se stal Ji\u0159\u00ed Je\u017eek. Zdravotn\u00ed stav \u00fa\u0159aduj\u00edc\u00edho mistra sv\u011bta sice st\u00e1le je\u0161t\u011b nen\u00ed ide\u00e1ln\u00ed, Jirka zat\u00edm nem\u016f\u017ee jezdit t\u011b\u017ek\u00e9 p\u0159evody, kter\u00e9 pou\u017e\u00edv\u00e1 v z\u00e1vodech, nicm\u00e9n\u011b z\u00e1vod v [&hellip;]<\/p>\n","protected":false},"author":1,"featured_media":0,"comment_status":"closed","ping_status":"closed","sticky":false,"template":"","format":"standard","meta":{"ngg_post_thumbnail":0,"footnotes":""},"categories":[2],"tags":[],"class_list":["post-1897","post","type-post","status-publish","format-standard","hentry","category-cyklistika"],"_links":{"self":[{"href":"https:\/\/www.caths.cz\/wordpress\/wp-json\/wp\/v2\/posts\/1897","targetHints":{"allow":["GET"]}}],"collection":[{"href":"https:\/\/www.caths.cz\/wordpress\/wp-json\/wp\/v2\/posts"}],"about":[{"href":"https:\/\/www.caths.cz\/wordpress\/wp-json\/wp\/v2\/types\/post"}],"author":[{"embeddable":true,"href":"https:\/\/www.caths.cz\/wordpress\/wp-json\/wp\/v2\/users\/1"}],"replies":[{"embeddable":true,"href":"https:\/\/www.caths.cz\/wordpress\/wp-json\/wp\/v2\/comments?post=1897"}],"version-history":[{"count":0,"href":"https:\/\/www.caths.cz\/wordpress\/wp-json\/wp\/v2\/posts\/1897\/revisions"}],"wp:attachment":[{"href":"https:\/\/www.caths.cz\/wordpress\/wp-json\/wp\/v2\/media?parent=1897"}],"wp:term":[{"taxonomy":"category","embeddable":true,"href":"https:\/\/www.caths.cz\/wordpress\/wp-json\/wp\/v2\/categories?post=1897"},{"taxonomy":"post_tag","embeddable":true,"href":"https:\/\/www.caths.cz\/wordpress\/wp-json\/wp\/v2\/tags?post=1897"}],"curies":[{"name":"wp","href":"https:\/\/api.w.org\/{rel}","templated":true}]}}