{"id":1896,"date":"2011-05-30T19:57:46","date_gmt":"2011-05-30T18:57:46","guid":{"rendered":"http:\/\/www.caths.cz\/wordpress\/?p=1896"},"modified":"2011-05-30T19:57:46","modified_gmt":"2011-05-30T18:57:46","slug":"mezinarodni-mistrovstvi-cr-v-plavani-czech-open-2011","status":"publish","type":"post","link":"https:\/\/www.caths.cz\/wordpress\/mezinarodni-mistrovstvi-cr-v-plavani-czech-open-2011\/","title":{"rendered":"Mezin\u00e1rodn\u00ed mistrovstv\u00ed \u010cR v plav\u00e1n\u00ed Czech Open 2011"},"content":{"rendered":"<p align=\"justify\">\nUplynul\u00fd v\u00edkend \u010cATHS po\u0159\u00e1dala ve spolupr\u00e1ci s plaveck\u00fdm klubem KOH-I-NOOR \u010cesk\u00e9 Bud\u011bjovice druh\u00fd ro\u010dn\u00edk CZECH OPEN 2011 &#8211; otev\u0159en\u00e9 mistrovstv\u00ed \u010cR v plav\u00e1n\u00ed t\u011blesn\u011b, zrakov\u011b a ment\u00e1ln\u011b handicapovan\u00fdch.<\/p>\n<p align=\"justify\"> Konalo se pod z\u00e1\u0161titou prim\u00e1tora statut\u00e1rn\u00edho m\u011bsta \u010cesk\u00e9 Bud\u011bjovice, Mgr. Juraje Thomy, za podpory Oborov\u00e9 zdravotn\u00ed poji\u0161\u0165ovny (OZP), v r\u00e1mci programu Sportujte s OZP. <br \/> Plaveck\u00e9ho mistrovstv\u00ed se z\u00fa\u010dastnilo v\u00edce ne\u017e pades\u00e1t handicapovan\u00fdch plavc\u016f z deseti \u010desk\u00fdch a dvou zahrani\u010dn\u00edch svaz\u016f a klub\u016f. <\/p>\n<p> V\u00fdsledky Czech Open 2011 naleznete <a href=\"http:\/\/www.caths.cz\/storage\/plavani\/Czech Open 2011 official results.pdf\" target=\"_blank\"> zde<\/a><\/p>\n","protected":false},"excerpt":{"rendered":"<a href=\"https:\/\/www.caths.cz\/wordpress\/mezinarodni-mistrovstvi-cr-v-plavani-czech-open-2011\/\"><img loading=\"lazy\" decoding=\"async\" width=\"100\" height=\"100\" src=\"https:\/\/www.caths.cz\/wordpress\/wp-content\/plugins\/thumbnail-for-excerpts\/tfe_no_thumb.png\" class=\"alignleft wp-post-image tfe\" alt=\"\" title=\"\" \/><\/a><p>Uplynul\u00fd v\u00edkend \u010cATHS po\u0159\u00e1dala ve spolupr\u00e1ci s plaveck\u00fdm klubem KOH-I-NOOR \u010cesk\u00e9 Bud\u011bjovice druh\u00fd ro\u010dn\u00edk CZECH OPEN 2011 &#8211; otev\u0159en\u00e9 mistrovstv\u00ed \u010cR v plav\u00e1n\u00ed t\u011blesn\u011b, zrakov\u011b a ment\u00e1ln\u011b handicapovan\u00fdch. Konalo se [&hellip;]<\/p>\n","protected":false},"author":1,"featured_media":0,"comment_status":"closed","ping_status":"closed","sticky":false,"template":"","format":"standard","meta":{"ngg_post_thumbnail":0,"footnotes":""},"categories":[15],"tags":[],"class_list":["post-1896","post","type-post","status-publish","format-standard","hentry","category-plavani"],"_links":{"self":[{"href":"https:\/\/www.caths.cz\/wordpress\/wp-json\/wp\/v2\/posts\/1896","targetHints":{"allow":["GET"]}}],"collection":[{"href":"https:\/\/www.caths.cz\/wordpress\/wp-json\/wp\/v2\/posts"}],"about":[{"href":"https:\/\/www.caths.cz\/wordpress\/wp-json\/wp\/v2\/types\/post"}],"author":[{"embeddable":true,"href":"https:\/\/www.caths.cz\/wordpress\/wp-json\/wp\/v2\/users\/1"}],"replies":[{"embeddable":true,"href":"https:\/\/www.caths.cz\/wordpress\/wp-json\/wp\/v2\/comments?post=1896"}],"version-history":[{"count":0,"href":"https:\/\/www.caths.cz\/wordpress\/wp-json\/wp\/v2\/posts\/1896\/revisions"}],"wp:attachment":[{"href":"https:\/\/www.caths.cz\/wordpress\/wp-json\/wp\/v2\/media?parent=1896"}],"wp:term":[{"taxonomy":"category","embeddable":true,"href":"https:\/\/www.caths.cz\/wordpress\/wp-json\/wp\/v2\/categories?post=1896"},{"taxonomy":"post_tag","embeddable":true,"href":"https:\/\/www.caths.cz\/wordpress\/wp-json\/wp\/v2\/tags?post=1896"}],"curies":[{"name":"wp","href":"https:\/\/api.w.org\/{rel}","templated":true}]}}