{"id":1892,"date":"2011-05-25T19:24:21","date_gmt":"2011-05-25T18:24:21","guid":{"rendered":"http:\/\/www.caths.cz\/wordpress\/?p=1892"},"modified":"2011-05-25T19:24:21","modified_gmt":"2011-05-25T18:24:21","slug":"druhe-kolo-ceskeho-poharu-mtb-handicapovanych-cyklistu-se-blizi-author-kral-sumavy","status":"publish","type":"post","link":"https:\/\/www.caths.cz\/wordpress\/druhe-kolo-ceskeho-poharu-mtb-handicapovanych-cyklistu-se-blizi-author-kral-sumavy\/","title":{"rendered":"Druh\u00e9 kolo \u010cesk\u00e9ho poh\u00e1ru MTB handicapovan\u00fdch cyklist\u016f se bl\u00ed\u017e\u00ed &#8211; Author Kr\u00e1l \u0160umavy"},"content":{"rendered":"\n<p align=\"justify\">Zveme V\u00e1s na aktivn\u00ed \u00fa\u010dast druh\u00e9ho kola \u010cesk\u00e9ho poh\u00e1ru horsk\u00fdch kol handicapovan\u00fdch cyklist\u016f, tentokr\u00e1t na \u0160umavu.<\/p>\n<p align=\"justify\"> <u> Odpov\u011b\u010f na nej\u010dast\u011bj\u0161\u00ed dotazy v souvislosti s \u010cP MTB:<\/u> <\/p>\n<p> 1. z\u00e1vod\u016f se m\u016f\u017ee z\u00fa\u010dastnit opravdu ka\u017ed\u00fd, kdo jezd\u00ed na kole, nemus\u00ed j\u00edt pouze o cyklistu \ud83d\ude42<\/p>\n<p> 2. nepot\u0159ebujete licenci \u010cSC ani \u017e\u00e1dn\u00fd jin\u00fd registra\u010dn\u00ed doklad, \u010cP MTB po\u0159\u00e1d\u00e1me pro nej\u0161ir\u0161\u00ed ve\u0159ejnost <\/p>\n<p> 3. pokud n\u011bco nesjedete, nevyjedete, tak prost\u011b slezte z kola a vyjd\u011bte to, b\u011b\u017en\u00e1 praxe, \u017e\u00e1dn\u00e1 ostuda<\/p>\n<p> 4. nemus\u00edte nutn\u011b vyhr\u00e1t, jedete pro sv\u016fj dobr\u00fd pocit, pro z\u00e1bavu, kdy\u017e zastav\u00edte a budete se chv\u00edli kochat krajinou, \u017e\u00e1dn\u00fd probl\u00e9m, d\u011bl\u00e1 to tak v\u00edce ne\u017e hodn\u011b dal\u0161\u00edch z\u00e1vodn\u00edk\u016f<\/p>\n<p> 5. nejezd\u011bte sami, zapojte rodinu, rodi\u010de, p\u0159\u00edtele \u010di p\u0159\u00edtelkyni, prost\u011b se bavte, od toho je \u010cP MTB handicapovan\u00fdch <\/p>\n<p> 6. a pokud V\u00e1s to bude bavit, pod\u00edvejte se na dal\u0161\u00ed rozpis \u010cP MTB handicap, napl\u00e1nujte si tr\u00e9nink a zkuste se p\u0159ipravit na dal\u0161\u00ed d\u00edl tak, abyste se zase o kousek zlep\u0161ili<\/p>\n<p> 7. pokud budete cokoliv pot\u0159ebovat, vyhledejte nejv\u011bt\u0161\u00edho a nejmohutn\u011bj\u0161\u00edho mu\u017ee ve stanu \u010cern\u00fdch kon\u00ed, ano to je Tom\u00e1\u0161 Pouch. Pom\u016f\u017ee, porad\u00ed, za\u0159\u00edd\u00ed&#8230;<\/p>\n<p> 8. Ji\u0159\u00ed Je\u017eek, ani patron \u010cP MTB Jaroslav Kulhav\u00fd, na z\u00e1vod\u011b tentokr\u00e1t nebudou, nicm\u00e9n\u011b m\u016f\u017eeme tlumo\u010dit jejich pozdravy a v\u0161em \u00fa\u010dastn\u00edk\u016fm dr\u017e\u00ed palce<\/p>\n<p> 9. tak Poje\u010f s n\u00e1mi a nebu\u010f l\u00ednej k\u00e1mo&#8230; :-)! <\/p>\n<p> Propozice <a href=\"http:\/\/www.caths.cz\/storage\/cyklistika\/kral_sumavy2011.pdf\" target=\"_blank\"> zde<\/a><\/p>\n","protected":false},"excerpt":{"rendered":"<a href=\"https:\/\/www.caths.cz\/wordpress\/druhe-kolo-ceskeho-poharu-mtb-handicapovanych-cyklistu-se-blizi-author-kral-sumavy\/\"><img loading=\"lazy\" decoding=\"async\" width=\"100\" height=\"100\" src=\"https:\/\/www.caths.cz\/wordpress\/wp-content\/plugins\/thumbnail-for-excerpts\/tfe_no_thumb.png\" class=\"alignleft wp-post-image tfe\" alt=\"\" title=\"\" \/><\/a><p>Zveme V\u00e1s na aktivn\u00ed \u00fa\u010dast druh\u00e9ho kola \u010cesk\u00e9ho poh\u00e1ru horsk\u00fdch kol handicapovan\u00fdch cyklist\u016f, tentokr\u00e1t na \u0160umavu. Odpov\u011b\u010f na nej\u010dast\u011bj\u0161\u00ed dotazy v souvislosti s \u010cP MTB: 1. z\u00e1vod\u016f se m\u016f\u017ee z\u00fa\u010dastnit [&hellip;]<\/p>\n","protected":false},"author":1,"featured_media":0,"comment_status":"closed","ping_status":"closed","sticky":false,"template":"","format":"standard","meta":{"ngg_post_thumbnail":0,"footnotes":""},"categories":[40],"tags":[],"class_list":["post-1892","post","type-post","status-publish","format-standard","hentry","category-pojed-s-nami"],"_links":{"self":[{"href":"https:\/\/www.caths.cz\/wordpress\/wp-json\/wp\/v2\/posts\/1892","targetHints":{"allow":["GET"]}}],"collection":[{"href":"https:\/\/www.caths.cz\/wordpress\/wp-json\/wp\/v2\/posts"}],"about":[{"href":"https:\/\/www.caths.cz\/wordpress\/wp-json\/wp\/v2\/types\/post"}],"author":[{"embeddable":true,"href":"https:\/\/www.caths.cz\/wordpress\/wp-json\/wp\/v2\/users\/1"}],"replies":[{"embeddable":true,"href":"https:\/\/www.caths.cz\/wordpress\/wp-json\/wp\/v2\/comments?post=1892"}],"version-history":[{"count":0,"href":"https:\/\/www.caths.cz\/wordpress\/wp-json\/wp\/v2\/posts\/1892\/revisions"}],"wp:attachment":[{"href":"https:\/\/www.caths.cz\/wordpress\/wp-json\/wp\/v2\/media?parent=1892"}],"wp:term":[{"taxonomy":"category","embeddable":true,"href":"https:\/\/www.caths.cz\/wordpress\/wp-json\/wp\/v2\/categories?post=1892"},{"taxonomy":"post_tag","embeddable":true,"href":"https:\/\/www.caths.cz\/wordpress\/wp-json\/wp\/v2\/tags?post=1892"}],"curies":[{"name":"wp","href":"https:\/\/api.w.org\/{rel}","templated":true}]}}