{"id":1890,"date":"2011-05-24T03:02:35","date_gmt":"2011-05-24T02:02:35","guid":{"rendered":"http:\/\/www.caths.cz\/wordpress\/?p=1890"},"modified":"2011-05-24T03:02:35","modified_gmt":"2011-05-24T02:02:35","slug":"medailove-pozice-cyklistu-hned-v-uvodnim-zavode-evropskeho-poharu-v-correze","status":"publish","type":"post","link":"https:\/\/www.caths.cz\/wordpress\/medailove-pozice-cyklistu-hned-v-uvodnim-zavode-evropskeho-poharu-v-correze\/","title":{"rendered":"Medailov\u00e9 pozice cyklist\u016f hned v \u00favodn\u00edm z\u00e1vod\u011b evropsk\u00e9ho poh\u00e1ru v Corr\u00e9ze"},"content":{"rendered":"<p align=\"justify\"> N\u00e1\u0161 t\u00fdm se p\u0159edstavil ve velmi dobr\u00e9 form\u011b a jedin\u00fdm negativem jsou op\u011btovn\u00e9 zdravotn\u00ed pot\u00ed\u017ee vedouc\u00edho handbikera \u010cesk\u00e9ho poh\u00e1ru Michala \u0160i\u0161ky, kv\u016fli kter\u00fdm byl hospitalizov\u00e1n. Cel\u00fd t\u00fdm i my ho t\u00edmto zdrav\u00edme a douf\u00e1me v rychl\u00fd n\u00e1vrat zp\u011bt do z\u00e1vodn\u00edho pelotonu. <\/p>\n<p> <strong> Tereza Diepoldov\u00e1 (1. m\u00edsto celkov\u011b, 1. m\u00edsto silni\u010dn\u00ed z\u00e1vod, 1. m\u00edsto \u010dasovka)<\/strong><\/p>\n<p> Pokud byla v lo\u0148sk\u00e9m roce Tereza pova\u017eov\u00e1na za talent sv\u011btov\u00e9 cyklistiky, dnes o n\u00ed m\u016f\u017eeme naplno hovo\u0159it jako o kandid\u00e1tce na p\u0159edn\u00ed sv\u011btov\u00e9 pozice. A\u017e tak obrovsk\u00fd ud\u011blala v\u00fdkonnostn\u00ed vzestup b\u011bhem zimn\u00ed p\u0159\u00edpravy. Z\u00e1vodn\u00edk\u016fm, se kter\u00fdmi vloni, kdy\u017e s kolem za\u010d\u00ednala, p\u0159ij\u00ed\u017ed\u011bla spole\u010dn\u011b do c\u00edle, o v\u00edkendu v Corr\u00e9ze nad\u011blila odstup v \u0159\u00e1dech minut.<br \/> <em>&#8222;Silni\u010dn\u00ed z\u00e1vod se mi jel hezky, sna\u017eila jsem se vyu\u017e\u00edvat rad od tren\u00e9ra a rozlo\u017eit dostate\u010dn\u011b s\u00edly. \u010casovka u\u017e byla hor\u0161\u00ed, ke konci u\u017e mi doch\u00e1zely s\u00edly. A nav\u00edc se neosv\u011bd\u010dil, ani p\u0159es v\u00fdrazn\u00e9 zna\u010den\u00ed, m\u016fj orienta\u010dn\u00ed smysl.. :-)))&#8220;<\/em><\/p>\n<p> <strong> Tom\u00e1\u0161 Kvasni\u010dka (2. m\u00edsto celkov\u011b. 2. m\u00edsto silni\u010dn\u00ed z\u00e1vod, 2. m\u00edsto \u010dasovka)<\/strong><\/p>\n<p> Z Tom\u00e1\u0161e doslova \u010di\u0161\u00ed bojovnost, pohoda a chu\u0165 z\u00e1vodit. Mnohon\u00e1sobn\u00fd medailista z mistrovstv\u00ed sv\u011bta i paralympijsk\u00fdch her bude i v tomto roce pat\u0159it k jezdc\u016fm, kter\u00e9 si bude muset sv\u011btov\u00fd peloton hl\u00eddat.<br \/> <em>&#8222;Se silni\u010dn\u00edm z\u00e1vodem i \u010dasovkou jsem spokojen, jsem r\u00e1d, \u017ee oba z\u00e1vody klaply, jak jsem si p\u0159edstavova&#8220;<\/em><\/p>\n<p> <strong> Michal Stark (3. m\u00edsto celkov\u011b, 1. m\u00edsto silni\u010dn\u00ed z\u00e1vod, 3. m\u00edsto \u010dasovka)<\/strong><\/p>\n<p> Pro na\u0161eho reprezenta\u010dn\u00edho veter\u00e1na byl z\u00e1vod v Corr\u00e9ze tradi\u010dn\u00edm testem \u00favodu silni\u010dn\u00ed sez\u00f3ny. Konkurence kategorie C2 je v Corr\u00e9ze v\u017edy velmi siln\u00e1 a um\u00edst\u011bn\u00ed Michala je vynikaj\u00edc\u00ed.<br \/><em> &#8222;Naprost\u00e1 spokojenost se silni\u010dn\u00edm z\u00e1vodem, poprv\u00e9 b\u011bhem kari\u00e9ry se mi na zdej\u0161\u00edm n\u00e1ro\u010dn\u00e9m okruhu poda\u0159ilo vyhr\u00e1t. V\u00edt\u011bzstv\u00ed je t\u00edm cenn\u011bj\u0161\u00ed, \u017ee se mi poda\u0159ilo p\u0159espurtovat vynikaj\u00edc\u00ed francouzsk\u00e9 cyklisty. Pod\u011bkov\u00e1n\u00ed pat\u0159\u00ed Tom\u00e1\u0161ovi Kvasni\u010dkovi z kategorie C3, kter\u00fd pom\u00e1hal dr\u017eet vysok\u00e9 tempo na\u0161\u00ed odjet\u00e9 skupiny. \u010casovku jsem prokau\u010doval j\u00edzdou na silni\u010dn\u00edm kole, b\u011bhem z\u00e1vodu jsem zjistil, \u017ee to nebyla vhodn\u00e1 volba. Prvn\u00ed test silni\u010dn\u00ed sezony na evropsk\u00e9 sc\u00e9n\u011b dopadl dob\u0159e&#8220;<\/em><\/p>\n<p> <strong> Miroslav Dongres (3. m\u00edsto celkov\u011b, 3. m\u00edsto silni\u010dn\u00ed z\u00e1vod, 3. m\u00edsto \u010dasovka)<\/strong><\/p>\n<p> Mirek potvrzuje sv\u016fj talent a ve velk\u00e9m stylu vstoupil do sv\u00e9 prvn\u00ed mezin\u00e1rodn\u00ed cyklistick\u00e9 sez\u00f3ny. T\u0159et\u00ed m\u00edsto v z\u00e1vod\u011b evropsk\u00e9ho poh\u00e1ru, ale p\u0159edev\u0161\u00edm Mirk\u016fv v\u00fdkon je velik\u00fdm p\u0159\u00edslibem do budoucna. Spole\u010dn\u011b s Tom\u00e1\u0161em Kvasni\u010dkou tvo\u0159\u00ed silnou dvojici, kter\u00e1 je schopn\u00e1 si v z\u00e1vod\u011b pomoci podle pot\u0159eby. <br \/><em> &#8222;N\u00e1ro\u010dn\u00e1 trasa, na kter\u00e9 se mi bohu\u017eel nepoda\u0159ilo udr\u017eet se za vedouc\u00ed dvojic\u00ed a do c\u00edle jsem p\u0159ijel osamocen\u011b. Jsem ze sv\u00e9ho v\u00fdkonu trochu zklam\u00e1n, p\u0159\u00ed\u0161t\u011b to vyjde&#8230;&#8220;<\/em><\/p>\n<p> <strong> Radim Pavl\u00edk<\/strong> jel velmi dob\u0159e v silni\u010dn\u00edm z\u00e1vod\u011b, kde v po\u010detn\u00e9m pelotonu kategori\u00ed C4 a C5 vybojoval \u010dtvrt\u00e9 m\u00edsto. Celkov\u011b, v sou\u010dtu obou z\u00e1vod\u016f obsadil Radim \u010dtvrt\u00e9 m\u00edsto.<\/p>\n<p> <strong> Tandem Marek Moflar s Ji\u0159\u00edm Chybou<\/strong> m\u011bl v\u00fdborn\u011b rozjet\u00fd silni\u010dn\u00ed z\u00e1vod. Bohu\u017eel se po defektu zadn\u00edho kola a dlouhotrvaj\u00edc\u00edm \u010dek\u00e1n\u00ed na mechanick\u00fd v\u016fz a v\u00fdm\u011bnu propadl ze t\u0159et\u00edho m\u00edsta a\u017e na sedm\u00e9 a i kdy\u017e na\u0161i z\u00e1vodn\u00edci postupn\u011b ztr\u00e1tu op\u011bt stahovali, nesta\u010dilo to v\u00edce ne\u017e na celkov\u00e9 p\u00e1t\u00e9 m\u00edsto. Nicm\u00e9n\u011b v\u00fdkon na\u0161eho tandemu byl velmi kvalitn\u00ed a s nap\u011bt\u00edm budeme o\u010dek\u00e1vat, jak se mu bude da\u0159it v dal\u0161\u00edch z\u00e1vodech.<br \/> Tandem se celkov\u011b um\u00edstil na p\u00e1t\u00e9m m\u00edst\u011b v sou\u010dtu obou z\u00e1vod\u016f. <\/p>\n<p> <strong> Handbiker Stanislav B\u00edza<\/strong> m\u011bl ve sv\u00e9 kategorii obrovskou konkurenci, v\u010detn\u011b dvou \u00fa\u0159aduj\u00edc\u00edch mistr\u016f sv\u011bta z \u010dasovky Francouze Jeannota a ze silni\u010dn\u00edho z\u00e1vodu Pol\u00e1ka Skrzypinskiho. Standa nakonec skon\u010dil na celkov\u00e9m osm\u00e9m m\u00edst\u011b.<br \/> <em>&#8222;Byla to opravdu t\u011b\u017ek\u00e1 trasa. M\u00e1m hodn\u011b co zlep\u0161ovat..&#8220;<\/em><\/p>\n<p> Cyklist\u00e9 odj\u00ed\u017ed\u00ed k dal\u0161\u00edmu z\u00e1vodu evropsk\u00e9ho poh\u00e1ru, tentokr\u00e1t do italsk\u00e9 Piacenzy ji\u017e tento p\u00e1tek. <\/p>\n<p> <strong>Vstup do fotogalerie <a href=\"http:\/\/www.caths.cz\/index.php?page=galerie&#038;level=album&#038;id=120\" target=\"_blank\"> zde<\/a><\/strong> (Foto: Jaka Krakovi\u010dov\u00e1)<\/p>\n<p> <img decoding=\"async\" src=\"\/wordpress\/image\/k_clankum\/correze2011\/2011_Correze_002.jpg\"><\/p>\n<p> <img decoding=\"async\" src=\"\/wordpress\/image\/k_clankum\/correze2011\/2011_Correze_011.jpg\"><\/p>\n<p> <img decoding=\"async\" src=\"\/wordpress\/image\/k_clankum\/correze2011\/2011_Correze_013.jpg\"><\/p>\n<p> <img decoding=\"async\" src=\"\/wordpress\/image\/k_clankum\/correze2011\/2011_Correze_015.jpg\"><\/p>\n<p> <img decoding=\"async\" src=\"\/wordpress\/image\/k_clankum\/correze2011\/2011_Correze_021.jpg\"><\/p>\n<p> <img decoding=\"async\" src=\"\/wordpress\/image\/k_clankum\/correze2011\/2011_Correze_025.jpg\"><\/p>\n<p> <img decoding=\"async\" src=\"\/wordpress\/image\/k_clankum\/correze2011\/2011_Correze_028.jpg\"><\/p>\n<p> <img decoding=\"async\" src=\"\/wordpress\/image\/k_clankum\/correze2011\/2011_Correze_046.jpg\"><\/p>\n<p> <img decoding=\"async\" src=\"\/wordpress\/image\/k_clankum\/correze2011\/2011_Correze_050.jpg\"><\/p>\n<p> <img decoding=\"async\" src=\"\/wordpress\/image\/k_clankum\/correze2011\/2011_Correze_052.jpg\"><\/p>\n","protected":false},"excerpt":{"rendered":"<a href=\"https:\/\/www.caths.cz\/wordpress\/medailove-pozice-cyklistu-hned-v-uvodnim-zavode-evropskeho-poharu-v-correze\/\"><img loading=\"lazy\" decoding=\"async\" width=\"100\" height=\"100\" src=\"https:\/\/www.caths.cz\/wordpress\/wp-content\/plugins\/thumbnail-for-excerpts\/tfe_no_thumb.png\" class=\"alignleft wp-post-image tfe\" alt=\"\" title=\"\" \/><\/a><p>N\u00e1\u0161 t\u00fdm se p\u0159edstavil ve velmi dobr\u00e9 form\u011b a jedin\u00fdm negativem jsou op\u011btovn\u00e9 zdravotn\u00ed pot\u00ed\u017ee vedouc\u00edho handbikera \u010cesk\u00e9ho poh\u00e1ru Michala \u0160i\u0161ky, kv\u016fli kter\u00fdm byl hospitalizov\u00e1n. Cel\u00fd t\u00fdm i my ho [&hellip;]<\/p>\n","protected":false},"author":1,"featured_media":0,"comment_status":"closed","ping_status":"closed","sticky":false,"template":"","format":"standard","meta":{"ngg_post_thumbnail":0,"footnotes":""},"categories":[2],"tags":[],"class_list":["post-1890","post","type-post","status-publish","format-standard","hentry","category-cyklistika"],"_links":{"self":[{"href":"https:\/\/www.caths.cz\/wordpress\/wp-json\/wp\/v2\/posts\/1890","targetHints":{"allow":["GET"]}}],"collection":[{"href":"https:\/\/www.caths.cz\/wordpress\/wp-json\/wp\/v2\/posts"}],"about":[{"href":"https:\/\/www.caths.cz\/wordpress\/wp-json\/wp\/v2\/types\/post"}],"author":[{"embeddable":true,"href":"https:\/\/www.caths.cz\/wordpress\/wp-json\/wp\/v2\/users\/1"}],"replies":[{"embeddable":true,"href":"https:\/\/www.caths.cz\/wordpress\/wp-json\/wp\/v2\/comments?post=1890"}],"version-history":[{"count":0,"href":"https:\/\/www.caths.cz\/wordpress\/wp-json\/wp\/v2\/posts\/1890\/revisions"}],"wp:attachment":[{"href":"https:\/\/www.caths.cz\/wordpress\/wp-json\/wp\/v2\/media?parent=1890"}],"wp:term":[{"taxonomy":"category","embeddable":true,"href":"https:\/\/www.caths.cz\/wordpress\/wp-json\/wp\/v2\/categories?post=1890"},{"taxonomy":"post_tag","embeddable":true,"href":"https:\/\/www.caths.cz\/wordpress\/wp-json\/wp\/v2\/tags?post=1890"}],"curies":[{"name":"wp","href":"https:\/\/api.w.org\/{rel}","templated":true}]}}