{"id":1889,"date":"2011-05-23T10:02:03","date_gmt":"2011-05-23T09:02:03","guid":{"rendered":"http:\/\/www.caths.cz\/wordpress\/?p=1889"},"modified":"2011-05-23T10:02:03","modified_gmt":"2011-05-23T09:02:03","slug":"cyklisticky-reprezentacni-tym-ma-noveho-partnera-firmu-moose","status":"publish","type":"post","link":"https:\/\/www.caths.cz\/wordpress\/cyklisticky-reprezentacni-tym-ma-noveho-partnera-firmu-moose\/","title":{"rendered":"Cyklistick\u00fd reprezenta\u010dn\u00ed t\u00fdm m\u00e1 nov\u00e9ho partnera \u2013 firmu MOOSE"},"content":{"rendered":"<p align=\"justify\">Reprezenta\u010dn\u00ed t\u00fdm t\u011blesn\u011b a zrakov\u011b handicapovan\u00fdch cyklist\u016f m\u00e1 dal\u0161\u00edho v\u00fdznamn\u00e9ho partnera, firmu MOOSE vyr\u00e1b\u011bj\u00edc\u00ed sportovn\u00ed oble\u010den\u00ed. <br \/>\nSpolupr\u00e1ce trv\u00e1 ji\u017e n\u011bkolik m\u011bs\u00edc\u016f a cyklisty jsme v pono\u017ek\u00e1ch vyroben\u00fdch v\u00fdhradn\u011b pro reprezenta\u010dn\u00ed t\u00fdm t\u011blesn\u011b a zrakov\u011b handicapovan\u00fdch cyklist\u016f mohli vid\u011bt z\u00e1vodit ji\u017e na leto\u0161n\u00edm dr\u00e1hov\u00e9m mistrovstv\u00ed sv\u011bta v italsk\u00e9m Montichiari. <\/p>\n<p align=\"justify\">Nicm\u00e9n\u011b konkr\u00e9tn\u00ed podoba spolupr\u00e1ce vznikla a\u017e po\u010d\u00e1tkem kv\u011btna, b\u011bhem pracovn\u00ed sch\u016fzky, kter\u00e9 se z\u00fa\u010dastnil z\u00e1stupce firmy MOOSE Ji\u0159\u00ed \u0160marda a z\u00e1stupce cyklistiky t\u011blesn\u011b a zrakov\u011b handicapovan\u00fdch, Viktor Zapletal.<br \/> Mimo podpory reprezenta\u010dn\u00edho t\u00fdmu, firma MOOSE nav\u00edc velmi v\u00fdznamn\u011b podpo\u0159\u00ed i dal\u0161\u00ed aktivity, p\u0159\u00edmo spojen\u00e9 s cyklistikou handicapovan\u00fdch. Konkr\u00e9tn\u00ed podoba spolupr\u00e1ce se ji\u017e rozb\u011bhla a tak se v\u00edt\u011bzov\u00e9 v\u00edkendov\u00e9ho z\u00e1vodu horsk\u00fdch kol King of Prague v Praze mohli radovat nejenom z v\u00fdrobk\u016f firmy MOOSE, ale i n\u00e1kupn\u00edch \u0161ek\u016f, kter\u00e9 obdr\u017eeli. Podobnou podporu budou m\u00edt i dal\u0161\u00ed v\u00fdznamn\u00e9 podniky \u2013 Evropsk\u00fd poh\u00e1r handicapovan\u00fdch cyklist\u016f v Praze na Strahov\u011b a popul\u00e1rn\u00ed podzimn\u00ed Pra\u017esk\u00fd cyklokros, kter\u00fd bude, mimo jin\u00e9 i fin\u00e1lov\u00fdm z\u00e1vodem \u010cesk\u00e9ho poh\u00e1ru horsk\u00fdch kol handicapovan\u00fdch cyklist\u016f a d\u00e1le z\u00e1vodem \u010cesk\u00e9ho poh\u00e1ru Masters v cyklokrosu. <\/p>\n","protected":false},"excerpt":{"rendered":"<a href=\"https:\/\/www.caths.cz\/wordpress\/cyklisticky-reprezentacni-tym-ma-noveho-partnera-firmu-moose\/\"><img loading=\"lazy\" decoding=\"async\" width=\"100\" height=\"100\" src=\"https:\/\/www.caths.cz\/wordpress\/wp-content\/plugins\/thumbnail-for-excerpts\/tfe_no_thumb.png\" class=\"alignleft wp-post-image tfe\" alt=\"\" title=\"\" \/><\/a><p>Reprezenta\u010dn\u00ed t\u00fdm t\u011blesn\u011b a zrakov\u011b handicapovan\u00fdch cyklist\u016f m\u00e1 dal\u0161\u00edho v\u00fdznamn\u00e9ho partnera, firmu MOOSE vyr\u00e1b\u011bj\u00edc\u00ed sportovn\u00ed oble\u010den\u00ed. Spolupr\u00e1ce trv\u00e1 ji\u017e n\u011bkolik m\u011bs\u00edc\u016f a cyklisty jsme v pono\u017ek\u00e1ch vyroben\u00fdch v\u00fdhradn\u011b pro reprezenta\u010dn\u00ed [&hellip;]<\/p>\n","protected":false},"author":1,"featured_media":0,"comment_status":"closed","ping_status":"closed","sticky":false,"template":"","format":"standard","meta":{"ngg_post_thumbnail":0,"footnotes":""},"categories":[2],"tags":[],"class_list":["post-1889","post","type-post","status-publish","format-standard","hentry","category-cyklistika"],"_links":{"self":[{"href":"https:\/\/www.caths.cz\/wordpress\/wp-json\/wp\/v2\/posts\/1889","targetHints":{"allow":["GET"]}}],"collection":[{"href":"https:\/\/www.caths.cz\/wordpress\/wp-json\/wp\/v2\/posts"}],"about":[{"href":"https:\/\/www.caths.cz\/wordpress\/wp-json\/wp\/v2\/types\/post"}],"author":[{"embeddable":true,"href":"https:\/\/www.caths.cz\/wordpress\/wp-json\/wp\/v2\/users\/1"}],"replies":[{"embeddable":true,"href":"https:\/\/www.caths.cz\/wordpress\/wp-json\/wp\/v2\/comments?post=1889"}],"version-history":[{"count":0,"href":"https:\/\/www.caths.cz\/wordpress\/wp-json\/wp\/v2\/posts\/1889\/revisions"}],"wp:attachment":[{"href":"https:\/\/www.caths.cz\/wordpress\/wp-json\/wp\/v2\/media?parent=1889"}],"wp:term":[{"taxonomy":"category","embeddable":true,"href":"https:\/\/www.caths.cz\/wordpress\/wp-json\/wp\/v2\/categories?post=1889"},{"taxonomy":"post_tag","embeddable":true,"href":"https:\/\/www.caths.cz\/wordpress\/wp-json\/wp\/v2\/tags?post=1889"}],"curies":[{"name":"wp","href":"https:\/\/api.w.org\/{rel}","templated":true}]}}