{"id":1888,"date":"2011-05-22T09:36:06","date_gmt":"2011-05-22T08:36:06","guid":{"rendered":"http:\/\/www.caths.cz\/wordpress\/?p=1888"},"modified":"2011-05-22T09:36:06","modified_gmt":"2011-05-22T08:36:06","slug":"vysledky-2-kola-kb-cp-v-atletice-vozickaru","status":"publish","type":"post","link":"https:\/\/www.caths.cz\/wordpress\/vysledky-2-kola-kb-cp-v-atletice-vozickaru\/","title":{"rendered":"V\u00fdsledky 2. kola KB \u010cP v atletice voz\u00ed\u010dk\u00e1\u0159\u016f"},"content":{"rendered":"<p>V\u00fdsledky z\u00e1vodu, kter\u00fd prob\u011bhl v\u010dera v Olomouci naleznete <a href=\"http:\/\/www.skmoravia.cz\/atletika\/pohar\/cp11ol.htm\" target=\"_blank\"> zde<\/a><\/p>\n","protected":false},"excerpt":{"rendered":"<a href=\"https:\/\/www.caths.cz\/wordpress\/vysledky-2-kola-kb-cp-v-atletice-vozickaru\/\"><img loading=\"lazy\" decoding=\"async\" width=\"100\" height=\"100\" src=\"https:\/\/www.caths.cz\/wordpress\/wp-content\/plugins\/thumbnail-for-excerpts\/tfe_no_thumb.png\" class=\"alignleft wp-post-image tfe\" alt=\"\" title=\"\" \/><\/a><p>V\u00fdsledky z\u00e1vodu, kter\u00fd prob\u011bhl v\u010dera v Olomouci naleznete zde<\/p>\n","protected":false},"author":1,"featured_media":0,"comment_status":"closed","ping_status":"closed","sticky":false,"template":"","format":"standard","meta":{"ngg_post_thumbnail":0,"footnotes":""},"categories":[5],"tags":[],"class_list":["post-1888","post","type-post","status-publish","format-standard","hentry","category-atletika"],"_links":{"self":[{"href":"https:\/\/www.caths.cz\/wordpress\/wp-json\/wp\/v2\/posts\/1888","targetHints":{"allow":["GET"]}}],"collection":[{"href":"https:\/\/www.caths.cz\/wordpress\/wp-json\/wp\/v2\/posts"}],"about":[{"href":"https:\/\/www.caths.cz\/wordpress\/wp-json\/wp\/v2\/types\/post"}],"author":[{"embeddable":true,"href":"https:\/\/www.caths.cz\/wordpress\/wp-json\/wp\/v2\/users\/1"}],"replies":[{"embeddable":true,"href":"https:\/\/www.caths.cz\/wordpress\/wp-json\/wp\/v2\/comments?post=1888"}],"version-history":[{"count":0,"href":"https:\/\/www.caths.cz\/wordpress\/wp-json\/wp\/v2\/posts\/1888\/revisions"}],"wp:attachment":[{"href":"https:\/\/www.caths.cz\/wordpress\/wp-json\/wp\/v2\/media?parent=1888"}],"wp:term":[{"taxonomy":"category","embeddable":true,"href":"https:\/\/www.caths.cz\/wordpress\/wp-json\/wp\/v2\/categories?post=1888"},{"taxonomy":"post_tag","embeddable":true,"href":"https:\/\/www.caths.cz\/wordpress\/wp-json\/wp\/v2\/tags?post=1888"}],"curies":[{"name":"wp","href":"https:\/\/api.w.org\/{rel}","templated":true}]}}