{"id":1887,"date":"2011-05-20T10:34:47","date_gmt":"2011-05-20T09:34:47","guid":{"rendered":"http:\/\/www.caths.cz\/wordpress\/?p=1887"},"modified":"2011-05-20T10:34:47","modified_gmt":"2011-05-20T09:34:47","slug":"stolni-teniste-bojovali-na-slovenia-open","status":"publish","type":"post","link":"https:\/\/www.caths.cz\/wordpress\/stolni-teniste-bojovali-na-slovenia-open\/","title":{"rendered":"Stoln\u00ed tenist\u00e9 bojovali na Slovenia Open"},"content":{"rendered":"<p align=\"justify\">Osm\u00fd ro\u010dn\u00edk mezin\u00e1rodn\u00edho mistrovstv\u00ed Slovinska prob\u011bhl ve dnech 3.5. &#8211; 8.5. 2011 tradi\u010dn\u011b ve m\u011bst\u011b La\u0161ko. <\/p>\n<p align=\"justify\"> Kvalitn\u011b obsazen\u00e9ho turnaje s faktorem 40 se z\u00fa\u010dastnilo 369 hr\u00e1\u010d\u016f z 36 zem\u00ed sv\u011bta, v\u010detn\u011b \u010desk\u00e9 reprezentace.<img decoding=\"async\" src=\"\/wordpress\/image\/k_clankum\/taus_slovenia.jpg\" ALIGN=\"right\" HSPACE=5 VSPACE=5\"><br \/> O na\u0161e jedin\u00e9 medailov\u00e9 um\u00edst\u011bn\u00ed se postaral Ren\u00e9 Tau\u0161, kter\u00fd vybojoval bronzovou p\u0159\u00ed\u010dku ve dvouh\u0159e t\u0159\u00eddy 5.<\/p>\n<p> Z na\u0161ich hr\u00e1\u010d\u016f se p\u0159edstavili: Zbyn\u011bk Lambert a Daniel Horut (oba ve t\u0159\u00edd\u011b 7), Ren\u00e9 Tau\u0161 (5), Jaroslav Hadrava (3), Ji\u0159\u00ed Such\u00e1nek (2) a jedin\u00e1 \u010desk\u00e1 z\u00e1stupkyn\u011b v kategorii \u017een, Jaroslava Jane\u010dkov\u00e1 (8).<\/p>\n<p> Zbyn\u011bk Lambert, vedouc\u00ed sekce stoln\u00edho tenisu \u010cATHS, zhodnotil akci takto: <em>&#8222;V\u0161ichni na\u0161i hr\u00e1\u010di odvedli, mimo Jane\u010dkov\u00e9, dobr\u00e9 v\u00fdkony. Zde je vid\u011bt, \u017ee na\u0161im d\u011bv\u010dat\u016fm sv\u011bt uj\u00ed\u017ed\u00ed. Bez systematick\u00e9 p\u0159\u00edpravy nelze sv\u011btu sta\u010dit. Hr\u00e1\u010dky ve sv\u011bt\u011b tr\u00e9nuj\u00ed 30 &#8211; 35hodin t\u00fddn\u011b&#8230;&#8220;<\/em><\/p>\n<p> Foto: Joachim Voigt <\/p>\n<p> V\u00fdsledky naleznete <a href=\"http:\/\/www.ipttc.org\/results\/international\/2011\/sloveniaopen\/index.htm\" target=\"_blank\"> zde<\/a><\/p>\n","protected":false},"excerpt":{"rendered":"<a href=\"https:\/\/www.caths.cz\/wordpress\/stolni-teniste-bojovali-na-slovenia-open\/\"><img loading=\"lazy\" decoding=\"async\" width=\"100\" height=\"100\" src=\"https:\/\/www.caths.cz\/wordpress\/wp-content\/plugins\/thumbnail-for-excerpts\/tfe_no_thumb.png\" class=\"alignleft wp-post-image tfe\" alt=\"\" title=\"\" \/><\/a><p>Osm\u00fd ro\u010dn\u00edk mezin\u00e1rodn\u00edho mistrovstv\u00ed Slovinska prob\u011bhl ve dnech 3.5. &#8211; 8.5. 2011 tradi\u010dn\u011b ve m\u011bst\u011b La\u0161ko. Kvalitn\u011b obsazen\u00e9ho turnaje s faktorem 40 se z\u00fa\u010dastnilo 369 hr\u00e1\u010d\u016f z 36 zem\u00ed sv\u011bta, [&hellip;]<\/p>\n","protected":false},"author":1,"featured_media":0,"comment_status":"closed","ping_status":"closed","sticky":false,"template":"","format":"standard","meta":{"ngg_post_thumbnail":0,"footnotes":""},"categories":[19],"tags":[],"class_list":["post-1887","post","type-post","status-publish","format-standard","hentry","category-stolni-tenis"],"_links":{"self":[{"href":"https:\/\/www.caths.cz\/wordpress\/wp-json\/wp\/v2\/posts\/1887","targetHints":{"allow":["GET"]}}],"collection":[{"href":"https:\/\/www.caths.cz\/wordpress\/wp-json\/wp\/v2\/posts"}],"about":[{"href":"https:\/\/www.caths.cz\/wordpress\/wp-json\/wp\/v2\/types\/post"}],"author":[{"embeddable":true,"href":"https:\/\/www.caths.cz\/wordpress\/wp-json\/wp\/v2\/users\/1"}],"replies":[{"embeddable":true,"href":"https:\/\/www.caths.cz\/wordpress\/wp-json\/wp\/v2\/comments?post=1887"}],"version-history":[{"count":0,"href":"https:\/\/www.caths.cz\/wordpress\/wp-json\/wp\/v2\/posts\/1887\/revisions"}],"wp:attachment":[{"href":"https:\/\/www.caths.cz\/wordpress\/wp-json\/wp\/v2\/media?parent=1887"}],"wp:term":[{"taxonomy":"category","embeddable":true,"href":"https:\/\/www.caths.cz\/wordpress\/wp-json\/wp\/v2\/categories?post=1887"},{"taxonomy":"post_tag","embeddable":true,"href":"https:\/\/www.caths.cz\/wordpress\/wp-json\/wp\/v2\/tags?post=1887"}],"curies":[{"name":"wp","href":"https:\/\/api.w.org\/{rel}","templated":true}]}}