{"id":1886,"date":"2011-05-19T03:56:20","date_gmt":"2011-05-19T02:56:20","guid":{"rendered":"http:\/\/www.caths.cz\/wordpress\/?p=1886"},"modified":"2011-05-19T03:56:20","modified_gmt":"2011-05-19T02:56:20","slug":"letos-do-manchesteru-odleti-jen-jeden-cech","status":"publish","type":"post","link":"https:\/\/www.caths.cz\/wordpress\/letos-do-manchesteru-odleti-jen-jeden-cech\/","title":{"rendered":"Letos do Manchesteru odlet\u00ed jen jeden \u010cech"},"content":{"rendered":"<p align=\"justify\">\nProgram ka\u017edoro\u010dn\u011b po\u0159\u00e1dan\u00e9ho BT Paralympic World Cupu v Manchesteru se rozb\u00edh\u00e1 p\u0159\u00ed\u0161t\u00ed t\u00fdden v pond\u011bl\u00ed a jsou v n\u011bm zastoupeny 3 hlavn\u00ed  a dva uk\u00e1zkov\u00e9 sporty. Atletika, basketbal na voz\u00edku a plav\u00e1n\u00ed jsou z\u00e1kladn\u00edmi kameny ji\u017e \u0159adu let. Letos po\u0159adatel\u00e9 p\u0159edstav\u00ed i dva dal\u0161\u00ed paralympijsk\u00e9 sporty \u2013 bocciu a volejbal sed\u00edc\u00edch.<\/p>\n<p align=\"justify\"> \u010ceskou republiku bude v leto\u0161n\u00edm roce na sv\u011btov\u00e9m poh\u00e1ru reprezentovat pouze atlet Rostislav Pohlmann, a to v sout\u011b\u017ei disku.<br \/><img decoding=\"async\" src=\"\/wordpress\/image\/k_clankum\/MS CHristchurch 070.jpg\" ALIGN=\"right\" HSPACE=5 VSPACE=5\"> Bohu\u017eel \u00fa\u010dast \u010desk\u00fdch sportovc\u016f na SP v Manchesteru je rok od roku ni\u017e\u0161\u00ed. V roce 2008 n\u00e1s reprezentovalo ve t\u0159ech sportech \u2013 cyklistice, atletice a plav\u00e1n\u00ed v\u00edce ne\u017e 10 sportovc\u016f a o rok pozd\u011bji ve stejn\u00fdch sportech jen 8 sportovc\u016f. V roce 2010 ji\u017e po\u0159adatel do programu SP neza\u0159adil dr\u00e1hovou cyklistiku a do Anglie odlet\u011bli pouze 4 atleti. Letos m\u00e1me u\u017e jen jedno \u017eel\u00edzko v ohni.<br \/> Na vysv\u011btlen\u00ed je nutno uv\u00e9st, \u017ee se lze z\u00fa\u010dastnit tohoto sportovn\u00edho podniku jen na p\u0159\u00edm\u00e9 pozv\u00e1n\u00ed od po\u0159adatele a nen\u00ed mo\u017en\u00e9 se na n\u011bj p\u0159ihl\u00e1sit samostatn\u011b. Program discipl\u00edn je ka\u017edoro\u010dn\u011b pozm\u011b\u0148ov\u00e1n a tud\u00ed\u017e \u010de\u0161t\u00ed sportovci nemus\u00ed nutn\u011b spadat do skladby sout\u011b\u017e\u00ed a z\u00e1rove\u0148 nemus\u00ed b\u00fdt pro po\u0159\u00e1daj\u00edc\u00ed dostate\u010dn\u011b &#8222;atraktivn\u00ed&#8220;. <\/p>\n<p> Ros\u0165a nastoup\u00ed do disku ve \u010dtvrtek p\u0159\u00ed\u0161t\u00ed t\u00fdden a doufejme, \u017ee se mu jeho discipl\u00edna vyda\u0159\u00ed. <\/p>\n","protected":false},"excerpt":{"rendered":"<a href=\"https:\/\/www.caths.cz\/wordpress\/letos-do-manchesteru-odleti-jen-jeden-cech\/\"><img loading=\"lazy\" decoding=\"async\" width=\"100\" height=\"100\" src=\"https:\/\/www.caths.cz\/wordpress\/wp-content\/plugins\/thumbnail-for-excerpts\/tfe_no_thumb.png\" class=\"alignleft wp-post-image tfe\" alt=\"\" title=\"\" \/><\/a><p>Program ka\u017edoro\u010dn\u011b po\u0159\u00e1dan\u00e9ho BT Paralympic World Cupu v Manchesteru se rozb\u00edh\u00e1 p\u0159\u00ed\u0161t\u00ed t\u00fdden v pond\u011bl\u00ed a jsou v n\u011bm zastoupeny 3 hlavn\u00ed a dva uk\u00e1zkov\u00e9 sporty. Atletika, basketbal na voz\u00edku [&hellip;]<\/p>\n","protected":false},"author":1,"featured_media":0,"comment_status":"closed","ping_status":"closed","sticky":false,"template":"","format":"standard","meta":{"ngg_post_thumbnail":0,"footnotes":""},"categories":[5],"tags":[],"class_list":["post-1886","post","type-post","status-publish","format-standard","hentry","category-atletika"],"_links":{"self":[{"href":"https:\/\/www.caths.cz\/wordpress\/wp-json\/wp\/v2\/posts\/1886","targetHints":{"allow":["GET"]}}],"collection":[{"href":"https:\/\/www.caths.cz\/wordpress\/wp-json\/wp\/v2\/posts"}],"about":[{"href":"https:\/\/www.caths.cz\/wordpress\/wp-json\/wp\/v2\/types\/post"}],"author":[{"embeddable":true,"href":"https:\/\/www.caths.cz\/wordpress\/wp-json\/wp\/v2\/users\/1"}],"replies":[{"embeddable":true,"href":"https:\/\/www.caths.cz\/wordpress\/wp-json\/wp\/v2\/comments?post=1886"}],"version-history":[{"count":0,"href":"https:\/\/www.caths.cz\/wordpress\/wp-json\/wp\/v2\/posts\/1886\/revisions"}],"wp:attachment":[{"href":"https:\/\/www.caths.cz\/wordpress\/wp-json\/wp\/v2\/media?parent=1886"}],"wp:term":[{"taxonomy":"category","embeddable":true,"href":"https:\/\/www.caths.cz\/wordpress\/wp-json\/wp\/v2\/categories?post=1886"},{"taxonomy":"post_tag","embeddable":true,"href":"https:\/\/www.caths.cz\/wordpress\/wp-json\/wp\/v2\/tags?post=1886"}],"curies":[{"name":"wp","href":"https:\/\/api.w.org\/{rel}","templated":true}]}}