{"id":1885,"date":"2011-05-18T09:59:04","date_gmt":"2011-05-18T08:59:04","guid":{"rendered":"http:\/\/www.caths.cz\/wordpress\/?p=1885"},"modified":"2011-05-18T09:59:04","modified_gmt":"2011-05-18T08:59:04","slug":"rozjizdi-se-cyklisticky-kolotoc-silnicnich-zavodu-evropskeho-a-svetoveho-poharu","status":"publish","type":"post","link":"https:\/\/www.caths.cz\/wordpress\/rozjizdi-se-cyklisticky-kolotoc-silnicnich-zavodu-evropskeho-a-svetoveho-poharu\/","title":{"rendered":"Rozj\u00ed\u017ed\u00ed se cyklistick\u00fd koloto\u010d silni\u010dn\u00edch z\u00e1vod\u016f Evropsk\u00e9ho a sv\u011btov\u00e9ho poh\u00e1ru"},"content":{"rendered":"<p align=\"justify\">Jsou tomu dva m\u011bs\u00edce, kdy jsme na t\u011bchto str\u00e1nk\u00e1ch hodnotili dr\u00e1hovou sez\u00f3nu na\u0161ich cyklist\u016f oko\u0159en\u011bnou titulem mistra sv\u011bta Ji\u0159\u00edho Je\u017eka. Mezi t\u00edm si na\u0161i cyklisti\u010dt\u00ed reprezentanti sta\u010dili trochu odpo\u010dinout, vyl\u00e9\u010dili \u0161r\u00e1my, ale p\u0159edev\u0161\u00edm se intenzivn\u011b p\u0159ipravovali na n\u00e1ro\u010dnou silni\u010dn\u00ed \u010d\u00e1st sez\u00f3ny, kter\u00e1 vyvrchol\u00ed v z\u00e1\u0159\u00ed mistrovstv\u00edm sv\u011bta v D\u00e1nsku a p\u00e1r dn\u00ed pot\u00e9 i fin\u00e1lov\u00fdm z\u00e1vodem Evropsk\u00e9ho poh\u00e1ru v Praze na Strahov\u011b.<br \/>\n<br \/>\nTak\u017ee co \u010dek\u00e1 cyklistiku v n\u00e1sleduj\u00edc\u00edch m\u011bs\u00edc\u00edch?<\/p>\n<p align=\"justify\">Ji\u017e v p\u00e1tek brzy r\u00e1no na\u0161e cyklistick\u00e1 v\u00fdprava odj\u00ed\u017ed\u00ed do Corr\u00e9ze k z\u00e1vod\u016fm Evropsk\u00e9ho poh\u00e1ru. <img decoding=\"async\" src=\"\/wordpress\/image\/k_clankum\/18052011.jpg\" ALIGN=\"right\" HSPACE=5 VSPACE=5\">Po\u0159adatel\u00e9 o\u010dek\u00e1vaj\u00ed maxim\u00e1ln\u00ed \u00fa\u010dast nejenom evropsk\u00fdch zem\u00ed, ostatn\u011b jde o nominace, kv\u00f3ty, ve h\u0159e jsou nomina\u010dn\u00ed m\u00edsta pro Lond\u00fdn 2012 a v\u00fdznamnou roli hraj\u00ed i body do celosv\u011btov\u00e9ho \u017eeb\u0159\u00ed\u010dku UCI, podle kter\u00fdch se stanovuje po\u010det \u00fa\u010dastnick\u00fdch m\u00edst, po\u010d\u00ednaje leto\u0161n\u00edm rokem i pro mistrovstv\u00ed sv\u011bta.<br \/> Pot\u00e9 na\u0161i cyklist\u00e9 zam\u00ed\u0159\u00ed do It\u00e1lie, n\u00e1sleduje \u0160v\u00fdcarsko, \u0160pan\u011blsko, N\u011bmecko, Slovensko a Belgie. Pak maj\u00ed cyklist\u00e9 v pl\u00e1nu reprezenta\u010dn\u00ed soust\u0159ed\u011bn\u00ed a cel\u00e1 p\u0159\u00edprava bude sm\u011b\u0159ovat k mistrovstv\u00ed sv\u011bta.<\/p>\n<p> V Corr\u00e9ze n\u00e1s budou reprezentovat: Radim Pavl\u00edk, Miroslav Dongres, Tom\u00e1\u0161 Kvasni\u010dka, Michal Stark, Tereza Diepoldov\u00e1, tandem Ji\u0159\u00ed Chyba a Marek Moflar, Michal \u0160i\u0161ka a Stanislav B\u00edza.<br \/> Ji\u0159\u00ed Je\u017eek \u00favodn\u00ed z\u00e1vody ve Francii vynech\u00e1v\u00e1 a k v\u00fdprav\u011b by se m\u011bl p\u0159ipojit a\u017e pro z\u00e1vod v It\u00e1lii, kde bude obhajovat sv\u00e9 lo\u0148sk\u00e9 prvenstv\u00ed.<br \/> Ze v\u0161ech z\u00e1vod\u016f v\u00e1m samoz\u0159ejm\u011b budeme p\u0159in\u00e1\u0161et pravideln\u00e9 zpravodajstv\u00ed na www.caths.cz<\/p>\n","protected":false},"excerpt":{"rendered":"<a href=\"https:\/\/www.caths.cz\/wordpress\/rozjizdi-se-cyklisticky-kolotoc-silnicnich-zavodu-evropskeho-a-svetoveho-poharu\/\"><img loading=\"lazy\" decoding=\"async\" width=\"100\" height=\"100\" src=\"https:\/\/www.caths.cz\/wordpress\/wp-content\/plugins\/thumbnail-for-excerpts\/tfe_no_thumb.png\" class=\"alignleft wp-post-image tfe\" alt=\"\" title=\"\" \/><\/a><p>Jsou tomu dva m\u011bs\u00edce, kdy jsme na t\u011bchto str\u00e1nk\u00e1ch hodnotili dr\u00e1hovou sez\u00f3nu na\u0161ich cyklist\u016f oko\u0159en\u011bnou titulem mistra sv\u011bta Ji\u0159\u00edho Je\u017eka. Mezi t\u00edm si na\u0161i cyklisti\u010dt\u00ed reprezentanti sta\u010dili trochu odpo\u010dinout, vyl\u00e9\u010dili [&hellip;]<\/p>\n","protected":false},"author":1,"featured_media":0,"comment_status":"closed","ping_status":"closed","sticky":false,"template":"","format":"standard","meta":{"ngg_post_thumbnail":0,"footnotes":""},"categories":[2],"tags":[],"class_list":["post-1885","post","type-post","status-publish","format-standard","hentry","category-cyklistika"],"_links":{"self":[{"href":"https:\/\/www.caths.cz\/wordpress\/wp-json\/wp\/v2\/posts\/1885","targetHints":{"allow":["GET"]}}],"collection":[{"href":"https:\/\/www.caths.cz\/wordpress\/wp-json\/wp\/v2\/posts"}],"about":[{"href":"https:\/\/www.caths.cz\/wordpress\/wp-json\/wp\/v2\/types\/post"}],"author":[{"embeddable":true,"href":"https:\/\/www.caths.cz\/wordpress\/wp-json\/wp\/v2\/users\/1"}],"replies":[{"embeddable":true,"href":"https:\/\/www.caths.cz\/wordpress\/wp-json\/wp\/v2\/comments?post=1885"}],"version-history":[{"count":0,"href":"https:\/\/www.caths.cz\/wordpress\/wp-json\/wp\/v2\/posts\/1885\/revisions"}],"wp:attachment":[{"href":"https:\/\/www.caths.cz\/wordpress\/wp-json\/wp\/v2\/media?parent=1885"}],"wp:term":[{"taxonomy":"category","embeddable":true,"href":"https:\/\/www.caths.cz\/wordpress\/wp-json\/wp\/v2\/categories?post=1885"},{"taxonomy":"post_tag","embeddable":true,"href":"https:\/\/www.caths.cz\/wordpress\/wp-json\/wp\/v2\/tags?post=1885"}],"curies":[{"name":"wp","href":"https:\/\/api.w.org\/{rel}","templated":true}]}}