{"id":1884,"date":"2011-05-17T08:45:34","date_gmt":"2011-05-17T07:45:34","guid":{"rendered":"http:\/\/www.caths.cz\/wordpress\/?p=1884"},"modified":"2011-05-17T08:45:34","modified_gmt":"2011-05-17T07:45:34","slug":"prvnim-kolem-ceskeho-poharu-zacala-lukostrelecka-sezona","status":"publish","type":"post","link":"https:\/\/www.caths.cz\/wordpress\/prvnim-kolem-ceskeho-poharu-zacala-lukostrelecka-sezona\/","title":{"rendered":"Prvn\u00edm kolem \u010cesk\u00e9ho poh\u00e1ru za\u010dala lukost\u0159eleck\u00e1 sez\u00f3na"},"content":{"rendered":"<p align=\"justify\">\nO v\u00edkendu 14. \u2013 15. kv\u011btna 2011 se uskute\u010dnilo prvn\u00ed kolo celorepublikov\u00e9 sout\u011b\u017ee v lukost\u0159elb\u011b \u2013 Novom\u011bstsk\u00fd poh\u00e1r.<\/p>\n<p align=\"justify\"> Poh\u00e1r je za\u010dlen\u011bn do kalend\u00e1\u0159e \u010cLS. Z\u00e1vodu se z\u00fa\u010dastnilo celkem 17 lukost\u0159elc\u016f, p\u0159ev\u00e1\u017en\u011b z dom\u00e1c\u00edho odd\u00edlu SK Nov\u00e9 M\u011bsto nad Metuj\u00ed.<br \/>St\u0159elci \u010cATHS v konkurenc\u00ed &#8222;zdrav\u00fdch&#8220; p\u0159edvedli v\u00fdkony na dobr\u00e9 \u00farovni. <br \/>V sobotu se jako hlavn\u00ed z\u00e1vod st\u0159\u00edlela sestava FITA, ale kdo se na tuto sestavu nec\u00edtil, mohl st\u0159\u00edlet i jin\u00e9 discipl\u00edny. Sout\u011b\u017eilo se jak z kladkov\u00e9ho luku, tak i z reflexn\u00edho luku a to jak sout\u011b\u017e \u017een, tak i mu\u017e\u016f. <br \/>V kategorii kladkov\u00fd luk mu\u017ei zv\u00edt\u011bzil Ji\u0159\u00ed Klich st. (\u010cATHS), v kategorii reflexn\u00ed luk mu\u017ei zv\u00edt\u011bzil Milan Smondek (\u010cATHS) a v \u017een\u00e1ch z reflexn\u00edho luku zv\u00edt\u011bzila Miroslava \u010cern\u00e1 (\u010cATHS).<br \/>V ned\u011bli se st\u0159\u00edlela kvalifika\u010dn\u00ed sout\u011b\u017e F50 pro kladkov\u00fd luk a F70 pro reflexn\u00ed luk, z kter\u00e9 se pak ur\u010dilo po\u0159ad\u00ed pro n\u00e1sleduj\u00edc\u00ed eliminace, kter\u00e9 byly pouze u mu\u017e\u016f a v kategorii kladkov\u00fd luk vyhr\u00e1l Jan Proch\u00e1zka a v kategorii reflexn\u00ed luk zv\u00edt\u011bzil Martin Chaloupsk\u00fd (\u010cATHS). <br \/>V\u0161ichni z\u00fa\u010dastn\u011bn\u00ed byli s pr\u016fb\u011bhem z\u00e1vodu spokojeni a a\u010dkoliv p\u016fvodn\u00ed p\u0159edpov\u011b\u010f po\u010das\u00ed nebyla p\u0159\u00edzniv\u00e1, tak nakonec po oba dva dny p\u0159\u00e1lo po\u010das\u00ed dobr\u00fdm v\u00fdkon\u016fm v lukost\u0159elb\u011b. <br \/>Po\u0159adatel\u00e9 a sout\u011b\u017e\u00edc\u00ed se u\u017e dnes t\u011b\u0161\u00ed na dal\u0161\u00ed druh\u00e9 kolo Novom\u011bstsk\u00e9ho poh\u00e1ru, kter\u00e9 prob\u011bhne o v\u00edkendu 28. \u2013 29. kv\u011btna 2011 na stadi\u00f3nu SK Nov\u00e9 M\u011bsto nad Metuj\u00ed. <\/p>\n<p>V\u00fdsledky <a href=\"http:\/\/www.caths.cz\/storage\/lukostrelba\/14052011.xls\" target=\"_blank\"> ZDE<\/a><\/p>\n<p> <img decoding=\"async\" src=\"\/wordpress\/image\/k_clankum\/nmp1.jpg\"><\/p>\n<p> <img decoding=\"async\" src=\"\/wordpress\/image\/k_clankum\/nmp2.jpg\"><\/p>\n<p> <img decoding=\"async\" src=\"\/wordpress\/image\/k_clankum\/nmp3.jpg\"><\/p>\n<p> <img decoding=\"async\" src=\"\/wordpress\/image\/k_clankum\/nmp4.jpg\"><\/p>\n<p> <img decoding=\"async\" src=\"\/wordpress\/image\/k_clankum\/nmp5.jpg\"><\/p>\n<p> <img decoding=\"async\" src=\"\/wordpress\/image\/k_clankum\/nmp6.jpg\"><\/p>\n","protected":false},"excerpt":{"rendered":"<a href=\"https:\/\/www.caths.cz\/wordpress\/prvnim-kolem-ceskeho-poharu-zacala-lukostrelecka-sezona\/\"><img loading=\"lazy\" decoding=\"async\" width=\"100\" height=\"100\" src=\"https:\/\/www.caths.cz\/wordpress\/wp-content\/plugins\/thumbnail-for-excerpts\/tfe_no_thumb.png\" class=\"alignleft wp-post-image tfe\" alt=\"\" title=\"\" \/><\/a><p>O v\u00edkendu 14. \u2013 15. kv\u011btna 2011 se uskute\u010dnilo prvn\u00ed kolo celorepublikov\u00e9 sout\u011b\u017ee v lukost\u0159elb\u011b \u2013 Novom\u011bstsk\u00fd poh\u00e1r. Poh\u00e1r je za\u010dlen\u011bn do kalend\u00e1\u0159e \u010cLS. Z\u00e1vodu se z\u00fa\u010dastnilo celkem 17 lukost\u0159elc\u016f, [&hellip;]<\/p>\n","protected":false},"author":1,"featured_media":0,"comment_status":"closed","ping_status":"closed","sticky":false,"template":"","format":"standard","meta":{"ngg_post_thumbnail":0,"footnotes":""},"categories":[13],"tags":[],"class_list":["post-1884","post","type-post","status-publish","format-standard","hentry","category-lukostrelba"],"_links":{"self":[{"href":"https:\/\/www.caths.cz\/wordpress\/wp-json\/wp\/v2\/posts\/1884","targetHints":{"allow":["GET"]}}],"collection":[{"href":"https:\/\/www.caths.cz\/wordpress\/wp-json\/wp\/v2\/posts"}],"about":[{"href":"https:\/\/www.caths.cz\/wordpress\/wp-json\/wp\/v2\/types\/post"}],"author":[{"embeddable":true,"href":"https:\/\/www.caths.cz\/wordpress\/wp-json\/wp\/v2\/users\/1"}],"replies":[{"embeddable":true,"href":"https:\/\/www.caths.cz\/wordpress\/wp-json\/wp\/v2\/comments?post=1884"}],"version-history":[{"count":0,"href":"https:\/\/www.caths.cz\/wordpress\/wp-json\/wp\/v2\/posts\/1884\/revisions"}],"wp:attachment":[{"href":"https:\/\/www.caths.cz\/wordpress\/wp-json\/wp\/v2\/media?parent=1884"}],"wp:term":[{"taxonomy":"category","embeddable":true,"href":"https:\/\/www.caths.cz\/wordpress\/wp-json\/wp\/v2\/categories?post=1884"},{"taxonomy":"post_tag","embeddable":true,"href":"https:\/\/www.caths.cz\/wordpress\/wp-json\/wp\/v2\/tags?post=1884"}],"curies":[{"name":"wp","href":"https:\/\/api.w.org\/{rel}","templated":true}]}}