{"id":1881,"date":"2011-05-13T11:41:37","date_gmt":"2011-05-13T10:41:37","guid":{"rendered":"http:\/\/www.caths.cz\/wordpress\/?p=1881"},"modified":"2011-05-13T11:41:37","modified_gmt":"2011-05-13T10:41:37","slug":"atleticke-soustredeni-reprezentace-a-novacku-v-nymburce","status":"publish","type":"post","link":"https:\/\/www.caths.cz\/wordpress\/atleticke-soustredeni-reprezentace-a-novacku-v-nymburce\/","title":{"rendered":"Atletick\u00e9 soust\u0159ed\u011bn\u00ed reprezentace a nov\u00e1\u010dk\u016f v Nymburce"},"content":{"rendered":"<p align=\"justify\">\nMinul\u00fd t\u00fdden se ve sportovn\u00edm st\u0159edisku Nymburk se\u0161la \u010d\u00e1st reprezenta\u010dn\u00edho t\u00fdmu atlet\u016f na soust\u0159ed\u011bn\u00ed. K reprezentaci se od poloviny t\u00fddne p\u0159idali i nov\u00e1\u010dci, kte\u0159\u00ed si p\u0159ijeli vyzkou\u0161et, co atletika voz\u00ed\u010dk\u00e1\u0159\u016f obn\u00e1\u0161\u00ed.<\/p>\n<p align=\"justify\"> V ned\u011bli se atleti p\u0159esunuli do Pardubic na z\u00e1vody prvn\u00edho kola KB \u010cesk\u00e9ho poh\u00e1ru v atletice voz\u00ed\u010dk\u00e1\u0159\u016f. A\u010dkoli se jednalo o prvn\u00ed z\u00e1vody atletick\u00e9 sez\u00f3ny, mnoz\u00ed z atlet\u016f p\u0159ehodili ve sv\u00fdch kategori\u00edch hodnotu A limitu na LPH Lond\u00fdn 2012. <\/p>\n<p> <strong> Celkov\u00e9 v\u00fdsledky 1.kola KB \u010cP naleznete <a href=\"http:\/\/www.skmoravia.cz\/atletika\/pohar\/cp11pa.htm\" target=\"_blank\"> ZDE<\/a><\/strong><\/p>\n<p> Nov\u00e1\u010dci v akci.. <br \/> <img decoding=\"async\" src=\"\/wordpress\/image\/k_clankum\/atletika2011_1.jpg\"><\/p>\n<p> <img decoding=\"async\" src=\"\/wordpress\/image\/k_clankum\/atletika2011_2.jpg\"><\/p>\n<p> <img decoding=\"async\" src=\"\/wordpress\/image\/k_clankum\/atletika2011_3.jpg\"><\/p>\n","protected":false},"excerpt":{"rendered":"<a href=\"https:\/\/www.caths.cz\/wordpress\/atleticke-soustredeni-reprezentace-a-novacku-v-nymburce\/\"><img loading=\"lazy\" decoding=\"async\" width=\"100\" height=\"100\" src=\"https:\/\/www.caths.cz\/wordpress\/wp-content\/plugins\/thumbnail-for-excerpts\/tfe_no_thumb.png\" class=\"alignleft wp-post-image tfe\" alt=\"\" title=\"\" \/><\/a><p>Minul\u00fd t\u00fdden se ve sportovn\u00edm st\u0159edisku Nymburk se\u0161la \u010d\u00e1st reprezenta\u010dn\u00edho t\u00fdmu atlet\u016f na soust\u0159ed\u011bn\u00ed. K reprezentaci se od poloviny t\u00fddne p\u0159idali i nov\u00e1\u010dci, kte\u0159\u00ed si p\u0159ijeli vyzkou\u0161et, co atletika voz\u00ed\u010dk\u00e1\u0159\u016f [&hellip;]<\/p>\n","protected":false},"author":1,"featured_media":0,"comment_status":"closed","ping_status":"closed","sticky":false,"template":"","format":"standard","meta":{"ngg_post_thumbnail":0,"footnotes":""},"categories":[5],"tags":[],"class_list":["post-1881","post","type-post","status-publish","format-standard","hentry","category-atletika"],"_links":{"self":[{"href":"https:\/\/www.caths.cz\/wordpress\/wp-json\/wp\/v2\/posts\/1881","targetHints":{"allow":["GET"]}}],"collection":[{"href":"https:\/\/www.caths.cz\/wordpress\/wp-json\/wp\/v2\/posts"}],"about":[{"href":"https:\/\/www.caths.cz\/wordpress\/wp-json\/wp\/v2\/types\/post"}],"author":[{"embeddable":true,"href":"https:\/\/www.caths.cz\/wordpress\/wp-json\/wp\/v2\/users\/1"}],"replies":[{"embeddable":true,"href":"https:\/\/www.caths.cz\/wordpress\/wp-json\/wp\/v2\/comments?post=1881"}],"version-history":[{"count":0,"href":"https:\/\/www.caths.cz\/wordpress\/wp-json\/wp\/v2\/posts\/1881\/revisions"}],"wp:attachment":[{"href":"https:\/\/www.caths.cz\/wordpress\/wp-json\/wp\/v2\/media?parent=1881"}],"wp:term":[{"taxonomy":"category","embeddable":true,"href":"https:\/\/www.caths.cz\/wordpress\/wp-json\/wp\/v2\/categories?post=1881"},{"taxonomy":"post_tag","embeddable":true,"href":"https:\/\/www.caths.cz\/wordpress\/wp-json\/wp\/v2\/tags?post=1881"}],"curies":[{"name":"wp","href":"https:\/\/api.w.org\/{rel}","templated":true}]}}