{"id":1880,"date":"2011-05-12T09:31:10","date_gmt":"2011-05-12T08:31:10","guid":{"rendered":"http:\/\/www.caths.cz\/wordpress\/?p=1880"},"modified":"2011-05-12T09:31:10","modified_gmt":"2011-05-12T08:31:10","slug":"zprava-ze-svetoveho-poharu-ve-strelbe-alicante-2011","status":"publish","type":"post","link":"https:\/\/www.caths.cz\/wordpress\/zprava-ze-svetoveho-poharu-ve-strelbe-alicante-2011\/","title":{"rendered":"Zpr\u00e1va ze Sv\u011btov\u00e9ho poh\u00e1ru ve st\u0159elb\u011b, Alicante 2011"},"content":{"rendered":"<p align=\"justify\"><img decoding=\"async\" src=\"\/wordpress\/image\/k_clankum\/alicante11_1.jpg\" ALIGN=\"right\" HSPACE=5 VSPACE=5\"> Vladim\u00edr Mar\u010dan, \u010dlen SK TPS Olomouc, kter\u00fd ji\u017e \u0159adu let pat\u0159\u00ed mezi na\u0161e nej\u00fasp\u011b\u0161n\u011bj\u0161\u00ed t\u011blesn\u011b posti\u017een\u00e9 st\u0159elce, prok\u00e1zal sv\u00e9 kvality pr\u00e1v\u011b v t\u011bchto dnech, kdy se z\u00fa\u010dastnil sout\u011b\u017ee sv\u011btov\u00e9ho poh\u00e1ru ve st\u0159elb\u011b TP ve \u0161pan\u011blsk\u00e9m Alicante. <br \/>V discipl\u00edn\u011b SP 30+30 prok\u00e1zal svou psychickou i technickou p\u0159ipravenost, kdy\u017e v\u00fdsledkem 552 bod\u016f obsadil v konkurenci 46 TP st\u0159elc\u016f z cel\u00e9ho sv\u011bta vynikaj\u00edc\u00ed 13. m\u00edsto a z\u016fstal t\u011bsn\u011b o p\u011bt bod\u016f p\u0159ed branou fin\u00e1le. <br \/>Splnil tak ji\u017e z\u00e1kladn\u00ed podm\u00ednku pro \u00fa\u010dast na LPH Lond\u00fdn 2012, kdy\u017e dvakr\u00e1t splnil limit v t\u00e9to disciplin\u011b na mezin\u00e1rodn\u00edch kvalifika\u010dn\u00edch z\u00e1vodech \u2013 v lo\u0148sk\u00e9m roce ve francouzsk\u00e9m Volmerange, kde s v\u00fdsledkem 544 bod\u016f skon\u010dil na 17. m\u00edst\u011b a letos v Alicante.<br \/><img decoding=\"async\" src=\"\/wordpress\/image\/k_clankum\/alicante11_2.jpg\" ALIGN=\"right\" HSPACE=5 VSPACE=5\"> Tak\u00e9 v dal\u0161\u00ed disciplin\u011b VzPi 60 nast\u0159\u00edlel kvalitn\u00ed v\u00fdsledek 540 bod\u016f, kter\u00fd v t\u011b\u017ek\u00e9 konkurenci 63 st\u0159elc\u016f sta\u010dil jen na 45. m\u00edsto.<\/p>\n<p> R. Gronsk\u00fd, dal\u0161\u00ed \u010desk\u00fd TP \u00fa\u010dastn\u00edk t\u00e9to sout\u011b\u017ee, se v LP 60 neprobojoval z elimina\u010dn\u00edho z\u00e1vodu s 55 \u00fa\u010dastn\u00edky do kvalifika\u010dn\u00edho z\u00e1vodu a tak\u00e9 v SP30+30 a ve VzPi 60 se mu tentokr\u00e1t neda\u0159ilo a z\u00edskal jen um\u00edst\u011bn\u00ed ve t\u0159et\u00ed t\u0159etin\u011b startovn\u00edho pole. <\/p>\n<p> Do \u0161pan\u011blsk\u00e9ho Alicante se tentokr\u00e1t sjelo 246 TP st\u0159elc\u016f ze 46 zem\u00ed cel\u00e9ho sv\u011bta, kte\u0159\u00ed se utkali ve v\u0161ech paralympijsk\u00fdch pistolov\u00fdch a pu\u0161kov\u00fdch disciplin\u00e1ch a ti, kte\u0159\u00ed se p\u0159es s\u00edto eliminac\u00ed dostali do kvalifika\u010dn\u00edho z\u00e1vodu a n\u00e1sledn\u011b se um\u00edstili do 15. m\u00edsta, z\u00edskali tak\u00e9 cenn\u00e9 body do hodnocen\u00ed sv\u011btov\u00e9ho poh\u00e1ru a maj\u00ed otev\u0159enu \u00fa\u010dast mezi 140 vybran\u00fdm st\u0159elci cel\u00e9ho sv\u011bta na LPH v Lond\u00fdn\u011b 2012. <\/p>\n<p> <strong>Kompletn\u00ed v\u00fdsledky <a href=\"http:\/\/www.results.sius.com\" target=\"_blank\"> ZDE<\/a><\/strong><\/p>\n","protected":false},"excerpt":{"rendered":"<a href=\"https:\/\/www.caths.cz\/wordpress\/zprava-ze-svetoveho-poharu-ve-strelbe-alicante-2011\/\"><img loading=\"lazy\" decoding=\"async\" width=\"100\" height=\"100\" src=\"https:\/\/www.caths.cz\/wordpress\/wp-content\/plugins\/thumbnail-for-excerpts\/tfe_no_thumb.png\" class=\"alignleft wp-post-image tfe\" alt=\"\" title=\"\" \/><\/a><p>Tak\u00e9 v dal\u0161\u00ed disciplin\u011b VzPi 60 nast\u0159\u00edlel kvalitn\u00ed v\u00fdsledek 540 bod\u016f, kter\u00fd v t\u011b\u017ek\u00e9 konkurenci 63 st\u0159elc\u016f sta\u010dil jen na 45. m\u00edsto. R. Gronsk\u00fd, dal\u0161\u00ed \u010desk\u00fd TP \u00fa\u010dastn\u00edk t\u00e9to sout\u011b\u017ee, [&hellip;]<\/p>\n","protected":false},"author":1,"featured_media":0,"comment_status":"closed","ping_status":"closed","sticky":false,"template":"","format":"standard","meta":{"ngg_post_thumbnail":0,"footnotes":""},"categories":[18],"tags":[],"class_list":["post-1880","post","type-post","status-publish","format-standard","hentry","category-strelba"],"_links":{"self":[{"href":"https:\/\/www.caths.cz\/wordpress\/wp-json\/wp\/v2\/posts\/1880","targetHints":{"allow":["GET"]}}],"collection":[{"href":"https:\/\/www.caths.cz\/wordpress\/wp-json\/wp\/v2\/posts"}],"about":[{"href":"https:\/\/www.caths.cz\/wordpress\/wp-json\/wp\/v2\/types\/post"}],"author":[{"embeddable":true,"href":"https:\/\/www.caths.cz\/wordpress\/wp-json\/wp\/v2\/users\/1"}],"replies":[{"embeddable":true,"href":"https:\/\/www.caths.cz\/wordpress\/wp-json\/wp\/v2\/comments?post=1880"}],"version-history":[{"count":0,"href":"https:\/\/www.caths.cz\/wordpress\/wp-json\/wp\/v2\/posts\/1880\/revisions"}],"wp:attachment":[{"href":"https:\/\/www.caths.cz\/wordpress\/wp-json\/wp\/v2\/media?parent=1880"}],"wp:term":[{"taxonomy":"category","embeddable":true,"href":"https:\/\/www.caths.cz\/wordpress\/wp-json\/wp\/v2\/categories?post=1880"},{"taxonomy":"post_tag","embeddable":true,"href":"https:\/\/www.caths.cz\/wordpress\/wp-json\/wp\/v2\/tags?post=1880"}],"curies":[{"name":"wp","href":"https:\/\/api.w.org\/{rel}","templated":true}]}}