{"id":1877,"date":"2011-05-09T03:45:38","date_gmt":"2011-05-09T02:45:38","guid":{"rendered":"http:\/\/www.caths.cz\/wordpress\/?p=1877"},"modified":"2011-05-09T03:45:38","modified_gmt":"2011-05-09T02:45:38","slug":"verejny-zavod-king-of-prague-2011-je-zaroven-uvodnim-podnikem-cp-mtb-handicapovanych-cyklistu","status":"publish","type":"post","link":"https:\/\/www.caths.cz\/wordpress\/verejny-zavod-king-of-prague-2011-je-zaroven-uvodnim-podnikem-cp-mtb-handicapovanych-cyklistu\/","title":{"rendered":"Ve\u0159ejn\u00fd z\u00e1vod King of Prague 2011 je z\u00e1rove\u0148 \u00favodn\u00edm podnikem \u010cP MTB handicapovan\u00fdch cyklist\u016f"},"content":{"rendered":"<p align=\"justify\">\nVe\u0159ejn\u00fd z\u00e1vod horsk\u00fdch kol O poh\u00e1r M\u011bstsk\u00e9 \u010d\u00e1sti Praha 17, King of Prague MTB 2011, kter\u00fd se pojede v Praze 17 &#8211; \u0158ep\u00edch v ned\u011bli 15. kv\u011btna 2011, je vyps\u00e1n pro v\u0161echny kategorie cyklist\u016f, v\u010detn\u011b cyklist\u016f handicapovan\u00fdch, pro kter\u00e9 bude akce z\u00e1rove\u0148 i \u00favodn\u00edm podnikem \u010cesk\u00e9ho poh\u00e1ru MTB handicapovan\u00fdch cyklist\u016f.\n<\/p>\n<p align=\"justify\"><img decoding=\"async\" src=\"\/wordpress\/image\/k_clankum\/king.jpg\" ALIGN=\"right\" HSPACE=5 VSPACE=5\"> P\u0159edpokl\u00e1d\u00e1 se \u00fa\u010dast \u010desk\u00e9 bikov\u00e9 \u0161pi\u010dky, v\u010detn\u011b startu \u00fa\u0159aduj\u00edc\u00edho mistra Evropy, vicemistra sv\u011bta, sv\u011btov\u00e9 bikov\u00e9 jedni\u010dky rankingu UCI a kr\u00e1le \u010desk\u00e9 cyklistiky &#8211; Jaroslava Kulhav\u00e9ho.<\/p>\n<p> Pro \u00fasp\u011b\u0161n\u00e9ho \u010dlena tr\u00e9ninkov\u00e9 skupiny tren\u00e9ra Viktora Zapletala to bude jeden z m\u00e1la leto\u0161n\u00edch tuzemsk\u00fdch start\u016f a div\u00e1k\u016fm se tak nab\u00edz\u00ed v\u00fdjime\u010dn\u00e1 p\u0159\u00edle\u017eitost vid\u011bt um\u011bn\u00ed nejlep\u0161\u00edho bikera sv\u011bta na vlastn\u00ed o\u010di. <br \/>Jaroslav je z\u00e1rove\u0148 i patronem \u010cesk\u00e9ho poh\u00e1ru MTB handicapovan\u00fdch cyklist\u016f a pr\u00e1v\u011b z jeho rukou p\u0159evezmou nejlep\u0161\u00ed handicapovan\u00ed cyklist\u00e9 ceny za um\u00edst\u011bn\u00ed v \u00favodn\u00edm z\u00e1vod\u011b \u010cesk\u00e9ho poh\u00e1ru.<\/p>\n<p> Dal\u0161\u00ed zaj\u00edmavost\u00ed je, \u017ee pro \u010dleny pra\u017esk\u00fdch odd\u00edl\u016f je z\u00e1vod vyps\u00e1n jako Mistrovstv\u00ed Prahy v\u0161ech kategori\u00ed.<\/p>\n<p> A kone\u010dn\u011b, sou\u010d\u00e1st\u00ed &#8222;cyklistick\u00e9ho dne&#8220; budou tak\u00e9 velk\u00e9 z\u00e1vody bikrosu na \u0159epsk\u00e9 trati, za \u00fa\u010dasti na\u0161\u00ed kompletn\u00ed bikrosov\u00e9 \u0161pi\u010dky. Div\u00e1ci tak budou m\u00edt unik\u00e1tn\u00ed mo\u017enost vid\u011bt atraktivn\u00ed cyklistickou discipl\u00ednu, se kterou za\u010d\u00ednal i \u00fa\u0159aduj\u00edc\u00ed mistr sv\u011bta v cyklokrosu, Zden\u011bk \u0160tybar. <\/p>\n<p> Program z\u00e1vod\u016f je doslova &#8222;na\u0161lapan\u00fd&#8220;, tra\u0165 cross country je koncipov\u00e1na tak, aby div\u00e1ci z jedin\u00e9ho m\u00edsta mohli pohodln\u011b sledovat jak z\u00e1vody XC, tak bikros, kde uvid\u00edme z\u00e1vodit rovn\u011b\u017e kompletn\u00ed portfolio kategori\u00ed, v\u010detn\u011b mali\u010dk\u00fdch bikrosa\u0159\u016f. <br \/> Z\u00e1vod\u016f se z\u00fa\u010dastn\u00ed cel\u00e1 \u0159ada cyklistick\u00fdch legend a osobnost\u00ed \u010desk\u00e9ho sportu, jen nam\u00e1tkou: Ji\u0159\u00ed Je\u017eek, Miloslav Kvasni\u010dka, tren\u00e9r Pavel Vr\u0161eck\u00fd, Lubor Tesa\u0159 a dal\u0161\u00ed. <\/p>\n<p> Cyklokrosa\u0159e v\u0161ech kategori\u00ed pak pot\u011b\u0161\u00edme zpr\u00e1vou, \u017ee z\u00e1vod je p\u0159\u00edmo propojen\u00fd s podzimn\u00edm Pra\u017esk\u00fdm cyklokrosem (13.11.2011) v r\u00e1mci PRAGUE CYCLING TOUR. To znamen\u00e1, \u017ee v\u00fdsledky obou z\u00e1vod\u016f se budou s\u010d\u00edtat a v\u00edt\u011bzov\u00e9 jednotliv\u00fdch kategori\u00ed se stanou opravdov\u00fdmi cyklistick\u00fdmi kr\u00e1li na\u0161eho hlavn\u00edho m\u011bsta. <\/p>\n<p> <strong>Propozice ke sta\u017een\u00ed <a href=\"http:\/\/www.caths.cz\/storage\/cyklistika\/propozice King of Prague MTB 2011_s mapou_2.pdf\" target=\"_blank\"> ZDE<\/a><\/strong><\/p>\n","protected":false},"excerpt":{"rendered":"<a href=\"https:\/\/www.caths.cz\/wordpress\/verejny-zavod-king-of-prague-2011-je-zaroven-uvodnim-podnikem-cp-mtb-handicapovanych-cyklistu\/\"><img loading=\"lazy\" decoding=\"async\" width=\"100\" height=\"100\" src=\"https:\/\/www.caths.cz\/wordpress\/wp-content\/plugins\/thumbnail-for-excerpts\/tfe_no_thumb.png\" class=\"alignleft wp-post-image tfe\" alt=\"\" title=\"\" \/><\/a><p>Ve\u0159ejn\u00fd z\u00e1vod horsk\u00fdch kol O poh\u00e1r M\u011bstsk\u00e9 \u010d\u00e1sti Praha 17, King of Prague MTB 2011, kter\u00fd se pojede v Praze 17 &#8211; \u0158ep\u00edch v ned\u011bli 15. kv\u011btna 2011, je vyps\u00e1n [&hellip;]<\/p>\n","protected":false},"author":1,"featured_media":0,"comment_status":"closed","ping_status":"closed","sticky":false,"template":"","format":"standard","meta":{"ngg_post_thumbnail":0,"footnotes":""},"categories":[2],"tags":[],"class_list":["post-1877","post","type-post","status-publish","format-standard","hentry","category-cyklistika"],"_links":{"self":[{"href":"https:\/\/www.caths.cz\/wordpress\/wp-json\/wp\/v2\/posts\/1877","targetHints":{"allow":["GET"]}}],"collection":[{"href":"https:\/\/www.caths.cz\/wordpress\/wp-json\/wp\/v2\/posts"}],"about":[{"href":"https:\/\/www.caths.cz\/wordpress\/wp-json\/wp\/v2\/types\/post"}],"author":[{"embeddable":true,"href":"https:\/\/www.caths.cz\/wordpress\/wp-json\/wp\/v2\/users\/1"}],"replies":[{"embeddable":true,"href":"https:\/\/www.caths.cz\/wordpress\/wp-json\/wp\/v2\/comments?post=1877"}],"version-history":[{"count":0,"href":"https:\/\/www.caths.cz\/wordpress\/wp-json\/wp\/v2\/posts\/1877\/revisions"}],"wp:attachment":[{"href":"https:\/\/www.caths.cz\/wordpress\/wp-json\/wp\/v2\/media?parent=1877"}],"wp:term":[{"taxonomy":"category","embeddable":true,"href":"https:\/\/www.caths.cz\/wordpress\/wp-json\/wp\/v2\/categories?post=1877"},{"taxonomy":"post_tag","embeddable":true,"href":"https:\/\/www.caths.cz\/wordpress\/wp-json\/wp\/v2\/tags?post=1877"}],"curies":[{"name":"wp","href":"https:\/\/api.w.org\/{rel}","templated":true}]}}