{"id":1872,"date":"2011-05-17T14:09:47","date_gmt":"2011-05-17T13:09:47","guid":{"rendered":"http:\/\/www.caths.cz\/wordpress\/?p=1872"},"modified":"2011-05-17T14:09:47","modified_gmt":"2011-05-17T13:09:47","slug":"video-tomase-poucha-ze-zavodu-king-of-prague","status":"publish","type":"post","link":"https:\/\/www.caths.cz\/wordpress\/video-tomase-poucha-ze-zavodu-king-of-prague\/","title":{"rendered":"Video Tom\u00e1\u0161e Poucha ze z\u00e1vodu King of Prague"},"content":{"rendered":"<p align=\"justify\">Z\u00e1vod horsk\u00fdch kol NUTREND Specialized King of Prague, kter\u00fd jsme po\u0159\u00e1dali v pra\u017esk\u00fdch \u0158ep\u00edch byl, mimo jin\u00e9 i \u00favodn\u00edm podnikem \u010cesk\u00e9ho poh\u00e1ru horsk\u00fdch kol handicapovan\u00fdch cyklist\u016f. Pod\u00edvejte se, jak se v \u0158ep\u00edch jezdilo a co v\u0161echno zvl\u00e1dnou cyklist\u00e9 s handicapem&#8230;<\/p>\n<p align=\"justify\">Sou\u010d\u00e1st\u00ed videa jsou i zaj\u00edmav\u00e9 rozhovory s patrony z\u00e1vodu, Ji\u0159\u00edm Je\u017ekem a patronem \u010cP MTB handicapovan\u00fdch cyklist\u016f, vicemistrem sv\u011bta a Mistrem Evropy Jaroslavem Kulhav\u00fdm.<\/p>\n<p> Video <a href=\"http:\/\/www.youtube.com\/watch?v=tr0GptRmFLI\" target=\"_blank\"> zde<\/a><\/p>\n","protected":false},"excerpt":{"rendered":"<a href=\"https:\/\/www.caths.cz\/wordpress\/video-tomase-poucha-ze-zavodu-king-of-prague\/\"><img loading=\"lazy\" decoding=\"async\" width=\"100\" height=\"100\" src=\"https:\/\/www.caths.cz\/wordpress\/wp-content\/plugins\/thumbnail-for-excerpts\/tfe_no_thumb.png\" class=\"alignleft wp-post-image tfe\" alt=\"\" title=\"\" \/><\/a><p>Z\u00e1vod horsk\u00fdch kol NUTREND Specialized King of Prague, kter\u00fd jsme po\u0159\u00e1dali v pra\u017esk\u00fdch \u0158ep\u00edch byl, mimo jin\u00e9 i \u00favodn\u00edm podnikem \u010cesk\u00e9ho poh\u00e1ru horsk\u00fdch kol handicapovan\u00fdch cyklist\u016f. Pod\u00edvejte se, jak se [&hellip;]<\/p>\n","protected":false},"author":1,"featured_media":0,"comment_status":"closed","ping_status":"closed","sticky":false,"template":"","format":"standard","meta":{"ngg_post_thumbnail":0,"footnotes":""},"categories":[40],"tags":[],"class_list":["post-1872","post","type-post","status-publish","format-standard","hentry","category-pojed-s-nami"],"_links":{"self":[{"href":"https:\/\/www.caths.cz\/wordpress\/wp-json\/wp\/v2\/posts\/1872","targetHints":{"allow":["GET"]}}],"collection":[{"href":"https:\/\/www.caths.cz\/wordpress\/wp-json\/wp\/v2\/posts"}],"about":[{"href":"https:\/\/www.caths.cz\/wordpress\/wp-json\/wp\/v2\/types\/post"}],"author":[{"embeddable":true,"href":"https:\/\/www.caths.cz\/wordpress\/wp-json\/wp\/v2\/users\/1"}],"replies":[{"embeddable":true,"href":"https:\/\/www.caths.cz\/wordpress\/wp-json\/wp\/v2\/comments?post=1872"}],"version-history":[{"count":0,"href":"https:\/\/www.caths.cz\/wordpress\/wp-json\/wp\/v2\/posts\/1872\/revisions"}],"wp:attachment":[{"href":"https:\/\/www.caths.cz\/wordpress\/wp-json\/wp\/v2\/media?parent=1872"}],"wp:term":[{"taxonomy":"category","embeddable":true,"href":"https:\/\/www.caths.cz\/wordpress\/wp-json\/wp\/v2\/categories?post=1872"},{"taxonomy":"post_tag","embeddable":true,"href":"https:\/\/www.caths.cz\/wordpress\/wp-json\/wp\/v2\/tags?post=1872"}],"curies":[{"name":"wp","href":"https:\/\/api.w.org\/{rel}","templated":true}]}}