{"id":1855,"date":"2011-04-19T00:29:43","date_gmt":"2011-04-18T23:29:43","guid":{"rendered":"http:\/\/www.caths.cz\/wordpress\/?p=1855"},"modified":"2011-04-19T00:29:43","modified_gmt":"2011-04-18T23:29:43","slug":"velky-a-velmi-otevreny-a-uprimny-rozhovor-s-jirim-jezkem","status":"publish","type":"post","link":"https:\/\/www.caths.cz\/wordpress\/velky-a-velmi-otevreny-a-uprimny-rozhovor-s-jirim-jezkem\/","title":{"rendered":"Velk\u00fd a velmi otev\u0159en\u00fd a up\u0159\u00edmn\u00fd rozhovor s Ji\u0159\u00edm Je\u017ekem"},"content":{"rendered":"<p align=\"justify\">\n&#8230; o psychick\u00e9m tlaku na mistra sv\u011bta, nesmyslnosti paralympijsk\u00e9ho sporu, profesi zvan\u00e9 &#8222;\u010cesk\u00fd sportovn\u00ed funkcion\u00e1\u0159&#8220;, milionu i bolav\u00e9m kotn\u00edku&#8230; <\/p>\n<p align=\"justify\"> <strong> 1) P\u0159ed m\u011bs\u00edcem ses stal u\u017e po\u0161est\u00e9 mistrem sv\u011bta. Jak moc je t\u011b\u017ek\u00e9 st\u00e1t se \u0161estkr\u00e1t mistrem sv\u011bta?<\/strong><\/p>\n<p><em><img decoding=\"async\" src=\"\/wordpress\/image\/k_clankum\/jezek_rozhovor_montichiari.jpg\" ALIGN=\"right\" HSPACE=5 VSPACE=5\"> No, &#8230;asi tak \u0161estkr\u00e1t t\u011b\u017e\u0161\u00ed, ne\u017e vyhr\u00e1t jen jednou. T\u011b\u017eko se mi o tom mluv\u00ed, nechci aby to vypadalo jako vychloub\u00e1n\u00ed, ale jsem na to opravdu hrd\u00fd a m\u00e1m z toho velkou radost. Je to odm\u011bna za v\u0161e, co cyklistice d\u00e1v\u00e1m. A tak\u00e9 nejlep\u0161\u00ed pod\u011bkov\u00e1n\u00ed v\u0161em, kte\u0159\u00ed mi pom\u00e1haj\u00ed&#8230; <\/em><\/p>\n<p> <strong> 2) U\u017e t\u0159et\u00ed rok mus\u00ed\u0161 ve st\u00edha\u010dce atakovat sv\u016fj vlastn\u00ed sv\u011btov\u00fd rekord v cest\u011b za v\u00edt\u011bzstv\u00edm. Da\u0159\u00ed se ti to v neuv\u011b\u0159iteln\u00e9m rozmez\u00ed p\u00e1r setin. Kdy\u017e to ned\u00e1\u0161, nebude\u0161 mistrem sv\u011bta. Kolik to stoj\u00ed psychick\u00fdch sil?<\/strong> <\/p>\n<p><em> Nen\u00ed to jednoduch\u00e9. V sou\u010dasn\u00e9m postaven\u00ed, do kter\u00e9ho jsem se sv\u00fdm p\u0159\u00edstupem a sv\u00fdmi v\u00fdsledky dostal, mus\u00edm cel\u00fd rok ve v\u0161ech z\u00e1vodech neust\u00e1le obhajovat sv\u00e9 jm\u00e9no. Cyklistika je dnes jedn\u00edm z nejprofesion\u00e1ln\u011bj\u0161\u00edch, nejpresti\u017en\u011bj\u0161\u00edch a t\u00edm i nejn\u00e1ro\u010dn\u011bj\u0161\u00edch paralympijsk\u00fdch sport\u016f. A p\u0159i mistrovstv\u00ed sv\u011bta je ten tlak samoz\u0159ejm\u011b nejv\u011bt\u0161\u00ed. I kdy\u017e \u010dlov\u011bk v\u00ed, \u017ee v p\u0159\u00edprav\u011b ud\u011blal maximum, nemus\u00ed to n\u011bkdy sta\u010dit ani na medaili. M\u016f\u017eu b\u00fdt zku\u0161en\u00fd, jak chci, stejn\u011b se do posledn\u00ed chv\u00edle mus\u00edm absolutn\u011b koncentrovat. Kdy\u017e takov\u00e1 p\u0159\u00edprava trv\u00e1 t\u0159i m\u011bs\u00edce a ka\u017ed\u00fdm dnem graduje, je to fakt n\u00e1ro\u010dn\u00e9. Na druhou stranu si uv\u011bdomuji, \u017ee nejv\u011bt\u0161\u00ed tlak si na sebe vytv\u00e1\u0159\u00edm j\u00e1 s\u00e1m. Prost\u011b chci vyhr\u00e1vat! <\/em><\/p>\n<p> <strong> 3) Letos jsi ale v\u00edt\u011bznou st\u00edha\u010dku jel naprosto maz\u00e1cky a promy\u0161len\u011b, pe\u010dliv\u011b jsi \u0161et\u0159il s\u00edly, alespo\u0148 tak to interpretuj\u00ed v\u0161ichni, kte\u0159\u00ed z\u00e1vod vid\u011bli. Soust\u0159edil ses jen na tren\u00e9ra Viktora Zapletala a konec sis vysloven\u011b u\u017e\u00edval. Prozrad\u00ed\u0161, co se na t\u00e9 dr\u00e1ze b\u011bhem z\u00e1vodu mezi v\u00e1mi odehr\u00e1v\u00e1? <\/strong><\/p>\n<p><em> <img decoding=\"async\" src=\"\/wordpress\/image\/k_clankum\/jezek_rozhovor_zapletal.jpg\" ALIGN=\"right\" HSPACE=5 VSPACE=5\"> Maz\u00e1cky a promy\u0161len\u011b? Jsem r\u00e1d, \u017ee to tak vypadalo, ale zas tak jist\u00fd jsem si nebyl&#8230; St\u00edhac\u00ed z\u00e1vod je moje nejsiln\u011bj\u0161\u00ed discipl\u00edna. T\u0159i m\u011bs\u00edce jsem se na ty mistrovsk\u00e9 4km p\u0159ipravoval. Myslel na n\u011b p\u0159i tr\u00e9ninku, v aut\u011b, v letadle, nebo kdy\u017e jsem nemohl sp\u00e1t&#8230; St\u0159\u00eddav\u011b si v\u011b\u0159il a z\u00e1rove\u0148 pochyboval. <br \/>P\u0159i samotn\u00e9m z\u00e1vod\u011b u\u017e nen\u00ed na nic takov\u00e9ho m\u00edsto. Soust\u0159ed\u00edm se jen na to nejd\u016fle\u017eit\u011bj\u0161\u00ed. Technika j\u00edzdy, rytmus \u0161lap\u00e1n\u00ed, vlastn\u00ed dech. Z okoln\u00edho prost\u0159ed\u00ed vn\u00edm\u00e1m jen Viktora, jeho mezi\u010dasy. Je to k dokonalosti vybrou\u0161en\u00e1 spolupr\u00e1ce. Nemus\u00edme se na sebe d\u00edvat ani gestikulovat. U\u017e cel\u00fd p\u0159edstartovn\u00ed proces je v podstat\u011b automatick\u00fd. Jen dva lid\u00e9 u\u017e z m\u00e9ho pouh\u00e9ho pohledu v\u00ed, co chci, co pot\u0159ebuji. So\u0148a i Viktor jsou v tomto sm\u011bru jedine\u010dn\u00ed. Pr\u00e1v\u011b jistota a dokonal\u00e1 souhra, kterou mi jejich p\u0159\u00edtomnost p\u0159in\u00e1\u0161\u00ed, je pro m\u011b p\u0159ed z\u00e1vodem i p\u0159\u00edmo p\u0159i j\u00edzd\u011b kl\u00ed\u010dov\u00e1. <br \/>Pro nezasv\u011bcen\u00e9ho mo\u017en\u00e1 p\u016fsob\u00edme naprosto klidn\u011b, \u017ee m\u00e1me v\u0161e pod kontrolou. Ale to je jenom zd\u00e1n\u00ed, i kdy\u017e je to sou\u010d\u00e1st na\u0161\u00ed vz\u00e1jemn\u00e9 hry. P\u0159es ve\u0161kerou vnit\u0159n\u00ed nervozitu, kterou je ka\u017ed\u00fd z n\u00e1s napln\u011bn a\u017e po okraj, na sebe navenek hrajeme, jak jsme klidn\u00ed&#8230; Po z\u00e1vod\u011b se tomu pak mus\u00edme sm\u00e1t&#8230; <\/em><\/p>\n<p> <strong> 4) A jak\u00e1 komunikace s tren\u00e9rem prob\u00edh\u00e1 nyn\u00ed? Nar\u00e1\u017e\u00edm t\u00edm na tv\u016fj kotn\u00edk, kv\u016fli kter\u00e9mu le\u017e\u00ed\u0161 v posteli a jsi v p\u00e9\u010di va\u0161eho cyklistick\u00e9ho doktora, profesora \u0160tul\u00edka?<\/strong><\/p>\n<p><em> <img decoding=\"async\" src=\"\/wordpress\/image\/k_clankum\/jezek_rozhovor_pim.jpg\" ALIGN=\"right\" HSPACE=5 VSPACE=5\"> Moje rozhodnut\u00ed b\u011b\u017eet Pra\u017esk\u00fd &#189; maraton Viktora samoz\u0159ejm\u011b nepot\u011b\u0161ilo. Byla v\u0161ak sou\u010d\u00e1st m\u00e9 &#8222;pr\u00e1ce&#8220; profesion\u00e1ln\u00edho sportovce, ale tak\u00e9 nov\u00e1 osobn\u00ed v\u00fdzva. C\u00edtil jsem, \u017ee po \u010dty\u0159ech letech bez po\u0159\u00e1dn\u00e9ho volna a odpo\u010dinku pot\u0159ebuji od cyklistiky na chv\u00edli vysadit. <br \/>Mohl jsem odjet n\u011bkam na dovolenou, ale m\u00edsto toho jsem se t\u0159i t\u00fddny poctiv\u011b p\u0159ipravoval na sportovn\u00ed v\u00fdkon, kter\u00fd byl pro m\u011b velkou nezn\u00e1mou. Stejn\u011b jako na kole, jsem p\u0159\u00edprav\u011b na b\u011b\u017eeck\u00fd z\u00e1vod dal v\u0161echno, ale t\u0159i t\u00fddny byly stra\u0161n\u011b kr\u00e1tk\u00e1 doba. <br \/>M\u016fj start na tak v\u00fdznamn\u00e9 sportovn\u00ed akci sice splnil sv\u016fj \u00fa\u010del, ale po\u0161kozen\u00e9 vazy v kotn\u00edku jsou hodn\u011b vysokou cenou. A pr\u00e1v\u011b toho se Viktor od za\u010d\u00e1tku b\u00e1l. Nic mi nevy\u010d\u00edtal, ch\u00e1pe, \u017ee i takov\u00e9hle akce jsou sou\u010d\u00e1st\u00ed m\u00fdch aktivit. Musel jsem mu ale samoz\u0159ejm\u011b d\u00e1t za pravdu, \u017ee to byl zbyte\u010dn\u00fd risk. <br \/>Douf\u00e1m, \u017ee se d\u00e1m brzy do po\u0159\u00e1dku a budu se moci vr\u00e1tit na kolo. U\u017e se po tom m\u011bs\u00edci stra\u0161n\u011b t\u011b\u0161\u00edm! <\/em><\/p>\n<p> <strong> 5) Kdy\u017e se \u0159ekne sport handicapovan\u00fdch, lid\u00e9 odpov\u00ed Ji\u0159\u00ed Je\u017eek. Ta popularita nen\u00ed jen d\u00edky titul\u016fm mistra sv\u011bta. Jakou pozici m\u00e1 podle tebe sport handicapovan\u00fdch v na\u0161\u00ed spole\u010dnosti?<\/strong><\/p>\n<p><em> Ka\u017ed\u00e9 hnut\u00ed, ka\u017ed\u00e1 organizace m\u00e1 ve spole\u010dnosti takovou pozici, jakou si zaslou\u017e\u00ed. Maj\u00ed na to vliv nejen samotn\u00e9 \u00fasp\u011bchy, nebo chov\u00e1n\u00ed jednotlivc\u016f \u2013 a\u0165 p\u0159edstavitel\u016f, tak i \u0159adov\u00fdch \u010dlen\u016f, ale samoz\u0159ejm\u011b i m\u00e9dia. <br \/>Paralympijsk\u00e9 hnut\u00ed u n\u00e1s prod\u011blalo zaj\u00edmav\u00fd v\u00fdvoj. Od za\u010d\u00e1tku devades\u00e1t\u00fdch let strm\u011b vzr\u016fstalo pov\u011bdom\u00ed i obdiv spole\u010dnosti k hendikepovan\u00fdm sportovc\u016fm. Bylo to d\u00e1no nejen \u00fasp\u011bchy na sportovn\u00edm poli, ale hlavn\u011b skv\u011blou spoluprac\u00ed s m\u00e9dii a s osobnostmi spole\u010densk\u00e9ho \u017eivota. D\u00edky zbyte\u010dn\u00fdm spor\u016fm, kter\u00e9 bohu\u017eel se \u010dasto \u0159e\u0161ily a\u017e p\u0159\u00edli\u0161 ve\u0159ejn\u011b, se od roku 2004 \u010desk\u00fd sport hendikepovan\u00fdch dostal vinou n\u011bkolika m\u00e1lo jedinc\u016f do pozice rozh\u00e1dan\u00e9ho spolku. \u0160patn\u00e1 pr\u00e1ce s m\u00e9dii a \u010d\u00e1ste\u010dn\u011b ztracen\u00e1 spole\u010densk\u00e1 presti\u017e cel\u00e9ho hnut\u00ed je pak nep\u0159\u00edjemn\u00fdm d\u016fsledkem. \u010clov\u011bk se pak m\u016f\u017ee sna\u017eit p\u016fsobit na ve\u0159ejnost sebel\u00e9pe, m\u016f\u017ee m\u00edt sebelep\u0161\u00ed v\u00fdsledky a p\u0159esto nez\u0159\u00eddka sly\u0161\u00ed: &#8222;Paralympijsk\u00fd t\u00fdm? Jo, u\u017e v\u00edm, vid\u011bl jsem v televizi, \u017ee tam m\u00e1te n\u011bjak\u00fd probl\u00e9m&#8230;&#8220;<br \/> Je to \u0161koda, ale nev\u00edm, co v\u00edc mohu ud\u011blat, ne\u017e \u017ee se spole\u010dn\u011b s Viktorem budeme nad\u00e1le sna\u017eit o co nejlep\u0161\u00ed sportovn\u00ed v\u00fdsledky, a t\u00edm snad i pozitivn\u00ed propagaci sportu hendikepovan\u00fdch. \u017de se n\u00e1m tato pr\u00e1ce da\u0159\u00ed, mi na druhou stranu neust\u00e1le dokazuje obrovsk\u00e9 mno\u017estv\u00ed gratulac\u00ed a obdivu po ka\u017ed\u00e9m sportovn\u00edm \u00fasp\u011bchu. <br \/> Tak\u017ee obecn\u011b si mysl\u00edm, \u017ee lid\u00e9 dnes berou \u0161pi\u010dkov\u00fd paralympijsk\u00fd sport, kter\u00fdm cyklistika nepochybn\u011b je, jako ka\u017ed\u00e9 jin\u00e9 odv\u011btv\u00ed hodn\u00e9 obdivu. A za to jsem r\u00e1d. V\u017edycky jsem cht\u011bl, aby m\u00e9 sportovn\u00ed aktivity byly br\u00e1ny, jako &#8222;velk\u00e1 fraje\u0159ina&#8220;&#8230; <\/em><\/p>\n<p> <strong> 6) Paralympijsk\u00fd spor je \u00fanavn\u00e1, dokola ohran\u00e1 p\u00edsni\u010dka. Spor je dnes v\u0161eobecn\u011b pova\u017eov\u00e1n za souboj jedinc\u016f, ostatn\u011b m\u00e1lokdo vlastn\u011b v\u016fbec ch\u00e1pe o co se vlastn\u011b soupe\u0159\u00ed. Jak\u00fd je tv\u016fj n\u00e1zor na celou v\u011bc?<\/strong><\/p>\n<p><em> K tomu se snad u\u017e ani nechci vyjad\u0159ovat. Od po\u010d\u00e1tku si od cel\u00e9ho sporu a s t\u00edm spojen\u00fdch kauz sna\u017e\u00edm udr\u017eovat odstup. A v\u011b\u0159te, \u017ee to \u010dasto nebylo jednoduch\u00e9. Ve\u0159ejn\u011b jsem vystoupil jen v momentech, kdy u\u017e se n\u011bco dostalo hodn\u011b za hranu. Ale i z toho jsem &#8222;vyl\u00e9\u010den\u00fd&#8220;. Konkr\u00e9tn\u00ed fakta toti\u017e stejn\u011b nikoho nezaj\u00edmaj\u00ed, ka\u017ed\u00fd se jen pt\u00e1, na jak\u00e9 stran\u011b stoj\u00edm. Ale j\u00e1 se prost\u011b u\u017e v t\u00e9 \u0161p\u00edn\u011b nechci hrabat. V sou\u010dasnosti je situace natolik zfanatizovan\u00e1, \u017ee nevid\u00edm mo\u017enost norm\u00e1ln\u00ed dohody. Je smutn\u00e9, \u017ee funkcion\u00e1\u0159i, kte\u0159\u00ed o sob\u011b \u0159\u00edkaj\u00ed, \u017ee cht\u011bj\u00ed vytv\u00e1\u0159et nejlep\u0161\u00ed podm\u00ednky pro hendikepovan\u00e9 sportovce, pl\u00fdtvaj\u00ed ve\u0161kerou svou energii i nemal\u00e9 finan\u010dn\u00ed prost\u0159edky v soudn\u00edch sporech, medi\u00e1ln\u00edch p\u0159est\u0159elk\u00e1ch a nekone\u010dn\u00fdch tahanic\u00edch. Do cel\u00e9ho sporu se bohu\u017eel za\u010d\u00ednaj\u00ed vkl\u00e1dat i politici, kte\u0159\u00ed bez znalosti v\u011bci cel\u00fd probl\u00e9m je\u0161t\u011b v\u00edce vyhrocuj\u00ed. Smutn\u00e9 je, \u017ee podle m\u011b existuje hned n\u011bkolik sch\u016fdn\u00fdch variant, jak v\u0161e rychle a elegantn\u011b vy\u0159e\u0161it. To by ale musela b\u00fdt na obou stran\u00e1ch alespo\u0148 element\u00e1rn\u00ed touha po dohod\u011b. Na druhou stranu je spousta sportovc\u016f, kte\u0159\u00ed s chut\u00ed tr\u00e9nuj\u00ed, z\u00e1vod\u00ed, vyhr\u00e1vaj\u00ed \u010di prohr\u00e1vaj\u00ed a cel\u00fd spor je absolutn\u011b nezaj\u00edm\u00e1. A to je dob\u0159e! <\/em><\/p>\n<p> <strong> 7) Asi v\u0161ichni nev\u011b\u0159\u00edcn\u011b sledujeme kauzu Sazka. Jak\u00fd na to m\u00e1\u0161 n\u00e1zor, jako sportovec, kter\u00fd p\u0159in\u00e1\u0161\u00ed \u010cesk\u00e9 republice celosv\u011btovou sl\u00e1vu a respekt? <\/strong><\/p>\n<p><em> Tady tak\u00e9 jenom nev\u011b\u0159\u00edcn\u011b krout\u00edm hlavou&#8230; Ale na druh\u00e9 stran\u011b mi to zas tak neuv\u011b\u0159iteln\u00e9 nep\u0159ipad\u00e1. Sta\u010d\u00ed se rozhl\u00e9dnout kolem sebe a podobn\u00fdch kauz nejdeme spoustu. P\u0159\u00edpad Sazka bohu\u017eel jen koresponduje s celkovou situac\u00ed v politice, ve sportovn\u00edch struktur\u00e1ch a ve spole\u010dnosti v\u016fbec. I tady t\u011b\u017eko hledat konkr\u00e9tn\u00edho vin\u00edka, proto\u017ee sv\u016fj pod\u00edl maj\u00ed t\u00e9m\u011b\u0159 v\u0161ichni z\u00fa\u010dastn\u011bn\u00ed \u2013 veden\u00ed Sazky, vlastn\u00edci (tedy sportovn\u00ed svazy a sdru\u017een\u00ed) a samoz\u0159ejm\u011b i politici, v\u010detn\u011b t\u011bch, kte\u0159\u00ed dnes celou situaci nejv\u00edce kritizuj\u00ed. V\u0161ichni maj\u00ed m\u00e1slo na hlav\u011b. <br \/> Podle m\u011b bylo velkou chybou, u\u017e na za\u010d\u00e1tku, sv\u011b\u0159it tak velkou a v\u00fdznamnou firmu do rukou funkcion\u00e1\u0159\u016fm sportovn\u00edch svaz\u016f a sdru\u017een\u00ed. &#8222;\u010cesk\u00fd vysok\u00fd sportovn\u00ed funkcion\u00e1\u0159&#8220; je toti\u017e s\u00e1m o sob\u011b \u00fakazem, kter\u00fd je by st\u00e1l za samostatn\u00fd \u010dl\u00e1nek. Samoz\u0159ejm\u011b, ne v\u0161ichni jsou stejn\u00ed, jsou mezi nimi i mlad\u0161\u00ed, schopn\u00ed mana\u017ee\u0159i, ale bohu\u017eel je jich st\u00e1le men\u0161ina. Pokud tedy skupina &#8222;sportovn\u00edch funkcion\u00e1\u0159\u016f&#8220; m\u00e1 vystupovat jako majitel jedn\u00e9 z nejv\u00fdznamn\u011bj\u0161\u00edch \u010desk\u00fdch firem, je jasn\u00e9, \u017ee si veden\u00ed spole\u010dnosti d\u011bl\u00e1, co chce. Je mi jedno, zda si pak majitel\u00e9 Sazky za probl\u00e9my mohou svou neschopnost\u00ed, nekompetentnost\u00ed, \u010di se celou dobu nech\u00e1vali upl\u00e1cet. Bohu\u017eel, v\u00fdsledkem podle m\u011b je, \u017ee \u010desk\u00fd sport p\u0159i\u0161el kv\u016fli sv\u00fdm funkcion\u00e1\u0159\u016fm a kv\u016fli benevolenci politik\u016f o d\u016fle\u017eit\u00fd zdroj pen\u011bz. A to m\u011b, jako sportovce, kter\u00fd patn\u00e1ct let d\u011bl\u00e1 svou pr\u00e1ci maxim\u00e1ln\u011b poctiv\u011b, docela \u0161tve. Na druhou stranu opakuji, \u017ee m\u011b to nijak nep\u0159ekvapuje. <\/em><\/p>\n<p> <strong> 8) Finance dlouhodob\u011b tr\u00e1p\u00ed \u010desk\u00fd sport. Jak vn\u00edm\u00e1\u0161 financov\u00e1n\u00ed sportu ty, kter\u00fd paradoxn\u011b st\u00e1t t\u00e9m\u011b\u0159 nic nestoj\u00ed\u0161, v\u011bt\u0161ina financ\u00ed na tvou \u010dinnost jde ze soukrom\u00fdch zdroj\u016f tv\u00fdch osobn\u00edch sponzor\u016f&#8230; <\/strong><\/p>\n<p><em> To je dal\u0161\u00ed t\u011b\u017ek\u00e1 ot\u00e1zka. Pokus\u00edm se vyj\u00e1d\u0159it sv\u016fj n\u00e1zor, kter\u00fdm p\u0159isp\u00edv\u00e1m i do odborn\u00fdch debat na r\u016fzn\u00fdch platform\u00e1ch, kter\u00fdch se v posledn\u00ed dob\u011b \u00fa\u010dastn\u00edm (PULS, Rada pro sport aj.) Pokud jde o st\u00e1tn\u00ed podporu sportu, mysl\u00edm, \u017ee je nutn\u00e1 absolutn\u00ed reforma cel\u00e9ho syst\u00e9mu. Souvis\u00ed to jak s p\u0159\u00edpadem Sazky a \u010cSTV, tak s podporou st\u00e1tn\u00ed reprezentace, rekrea\u010dn\u00edho a \u0161koln\u00edho sportu, tak t\u0159eba i s da\u0148ov\u00fdmi z\u00e1kony. <br \/> Nemysl\u00edm si, \u017ee st\u00e1t d\u00e1v\u00e1 na sport m\u00e1lo pen\u011bz. Jen je pot\u0159eba ty pen\u00edze vynakl\u00e1dat \u00fa\u010deln\u011b a jen na projekty, kter\u00e9 st\u00e1tu n\u011bco p\u0159inesou zp\u011bt. Dnes te\u010dou pen\u00edze ze st\u00e1tn\u00ed pokladny p\u0159es nesmysln\u00e9 mno\u017estv\u00ed svaz\u016f, uni\u00ed a asociac\u00ed, zkr\u00e1tka p\u0159es mnoho kancel\u00e1\u0159\u00ed a \u00fa\u0159edn\u00edk\u016f, a v\u00fdsledn\u00fd p\u0159\u00edm\u00fd dopad na sport je pak minim\u00e1ln\u00ed. Netvrd\u00edm, \u017ee se prost\u0159edky rozkradou, ale ka\u017ed\u00fd \u00fa\u0159edn\u00edk m\u00e1 n\u011bjak\u00fd plat &#8211; v podstat\u011b za nic, proto\u017ee o pracovn\u00edm nasazen\u00ed a znalostech valn\u00e9 v\u011bt\u0161iny sportovn\u00edch funkcion\u00e1\u0159\u016f m\u00e1m sv\u00e9 pochybnosti, v ka\u017ed\u00e9 kancel\u00e1\u0159i se sv\u00edt\u00ed, n\u011bco se projezd\u00ed v autech, &#8222;prochleb\u00ed\u010dkuje&#8220; na sch\u016fz\u00edch o ni\u010dem, atd. <br \/> Podle m\u011b by m\u011bl st\u00e1t p\u0159\u00edmo dotovat jen st\u00e1tn\u00ed reprezentaci, kter\u00e1 propaguje v zemi v zahrani\u010d\u00ed a nav\u00edc je vzorem ml\u00e1de\u017ei a nositelem pozitivn\u00edch n\u00e1lad ve\u0159ejnosti. S t\u00edm samoz\u0159ejm\u011b souvis\u00ed i podpora talentovan\u00e9 ml\u00e1de\u017ee, kde bych vid\u011bl funk\u010dn\u00ed model, \u017ee ka\u017ed\u00fd sport by m\u011bl sv\u00e9 (jedno) sportovn\u00ed centrum, kde by se talentovan\u00ed sportovci p\u0159ipravovali a z\u00e1rove\u0148 i nad\u00e1le v\u0161eobecn\u011b vzd\u011bl\u00e1vali. T\u00edm si mysl\u00edm, \u017ee p\u0159\u00edm\u00e1 finan\u010dn\u00ed podpora sta\u010d\u00ed. <br \/> Na krajsk\u00e9 a obecn\u00ed \u00farovni by pak st\u00e1t (prost\u0159ednictv\u00edm kraj\u016f a obc\u00ed) m\u011bl p\u0159evz\u00edt do sv\u00e9ho majetku sportovi\u0161t\u011b, stav\u011bt nov\u00e1 a spravovat je. Dopoledne by je zdarma u\u017e\u00edvaly \u0161koly a odpoledne by si je pak pronaj\u00edmaly (za rozumn\u00e9 pen\u00edze) sportovn\u00ed kluby, odd\u00edly a sdru\u017een\u00ed. Jejich financov\u00e1n\u00ed u\u017e bych ale od st\u00e1tn\u00ed kasy odd\u011blil. Kdo chce sportovat, a\u0165 si to zaplat\u00ed. Lid\u00e9 si zvykli, \u017ee za posilovnu, squash \u010di golf mus\u00ed platit. Rekrea\u010dn\u00ed sport je prost\u011b z\u00e1liba, tak za n\u00ed mus\u00ed \u010dlov\u011bk platit stejn\u011b jako za kino \u010di divadlo. Z t\u011bchto pen\u011bz mus\u00ed b\u00fdt odd\u00edly financov\u00e1ny. Samoz\u0159ejm\u011b, \u017ee samotn\u00e9 p\u0159\u00edsp\u011bvky \u010dlen\u016f by na \u010dinnost sportovn\u00edch odd\u00edl\u016f a klub\u016f nesta\u010dily. Zde pak vid\u00edm cestu ve v\u011bt\u0161\u00edm zapojen\u00ed soukrom\u00fdch firem, kter\u00e9 ale mus\u00ed b\u00fdt za sponzoring v\u00edce da\u0148ov\u011b zv\u00fdhodn\u011bny. P\u0159isp\u00edvat na chod odd\u00edl\u016f by mohly i obce a kraje, ale nen\u00e1rokov\u011b, jen pokud na to budou m\u00edt prost\u0159edky, formou grant\u016f a reklamy. <br \/> Pokud by tedy st\u00e1t investoval pen\u00edze jen do reprezentace a talentovan\u00e9 ml\u00e1de\u017ee a zbytek pen\u011bz by v\u011bnoval na investice do sportovi\u0161\u0165, nemusel by se objem zvy\u0161ovat a efektivita by byla nesrovnateln\u011b vy\u0161\u0161\u00ed. Ale je to jen m\u016fj n\u00e1zor a zd\u016fraz\u0148uji, \u017ee nejsem odborn\u00edk&#8230;<\/em><\/p>\n<p> <strong> 9) Kolik stoj\u00ed cyklistick\u00fd rok Jirky Je\u017eka?<\/strong><\/p>\n<p><em> To je hodn\u011b citliv\u00e1 ot\u00e1zka. Nebudu konkr\u00e9tn\u00ed, proto\u017ee se bohu\u017eel \u010dasto setk\u00e1v\u00e1m se z\u00e1vist\u00ed a nerad bych doty\u010dn\u00e9 jedince je\u0161t\u011b v\u00edce dr\u00e1\u017edil. Ale nen\u00ed d\u016fvod zast\u00edrat, \u017ee pokud chci b\u00fdt ve sportu nejlep\u0161\u00ed, mus\u00edm do toho i hodn\u011b investovat. Proto mohu \u0159\u00edci, \u017ee jedna moje sez\u00f3na stoj\u00ed hodn\u011b p\u0159es milion korun. A v\u011b\u0159te mi, \u017ee i kdy\u017e snad m\u00e1m za sebou odpov\u00eddaj\u00edc\u00ed v\u00fdsledky, mus\u00edme se So\u0148ou cel\u00fd rok opravdu hodn\u011b pracovat, abychom ten rozpo\u010det naplnili. <br \/>M\u00e1m na\u0161t\u011bst\u00ed kolem sebe spoustu p\u0159\u00e1tel a partner\u016f, d\u00edky kter\u00fdm mohu d\u011blat sport na t\u00e9to \u00farovni, za co\u017e jsem jim obrovsky vd\u011b\u010dn\u00fd! Ale zadarmo to ur\u010dit\u011b nen\u00ed. M\u00e1lokdo si uv\u011bdom\u00ed, \u017ee zajistit odpov\u00eddaj\u00edc\u00ed z\u00e1zem\u00ed, je je\u0161t\u011b daleko t\u011b\u017e\u0161\u00ed, ne\u017e samotn\u00e1 sportovn\u00ed p\u0159\u00edprava. Samoz\u0159ejm\u011b je to u\u017e sp\u00ed\u0161 pr\u00e1ce pro sportovn\u00ed marketingovou agenturu, a ty nab\u00eddky \u010dasto dost\u00e1v\u00e1m, ale j\u00e1 chci prost\u0159edky m\u00fdch partner\u016f vyu\u017e\u00edvat maxim\u00e1ln\u011b efektivn\u011b a tak od za\u010d\u00e1tku pracuji pro na\u0161e sponzory jen j\u00e1 se So\u0148ou. <\/em><\/p>\n<p> <strong> 10) Co \u010dek\u00e1 Jirku Je\u017eka v n\u00e1sleduj\u00edc\u00edch m\u011bs\u00edc\u00edch, kdy\u017e u\u017e te\u010f m\u00e1 po sportovn\u00ed str\u00e1nce &#8222;vyd\u011bl\u00e1no&#8220;? <\/strong><\/p>\n<p><em> Po b\u0159eznov\u00e9m mistrovstv\u00ed sv\u011bta na dr\u00e1ze jsem m\u011bl napl\u00e1novan\u00e9 cyklistick\u00e9 volno. To se bohu\u017eel kv\u016fli zran\u011bn\u00e9mu kotn\u00edku dost prot\u00e1hlo, tak\u017ee te\u010f jsem u\u017e m\u011bs\u00edc bez kola a nev\u00edm, jak dlouho je\u0161t\u011b m\u016f\u017ee rekonvalescence trvat. T\u00edm je tedy dan\u00fd i budouc\u00ed z\u00e1vodn\u00ed kalend\u00e1\u0159. Kdy\u017e v\u0161e dob\u0159e p\u016fjde, cht\u011bl bych za\u010d\u00edt z\u00e1vodit n\u011bkdy koncem kv\u011btna, za\u010d\u00e1tkem \u010dervna. Letn\u00ed sez\u00f3nu mus\u00edm je\u0161t\u011b probrat s Viktorem. N\u011bkter\u00e9 z\u00e1vody pojedu jen jako podpora mlad\u0161\u00edm kluk\u016fm z reprezentace. S\u00e1m chci toti\u017e letos v\u0161echno sm\u011b\u0159ovat pouze k silni\u010dn\u00edmu MS v D\u00e1nsku, kter\u00e9 se kon\u00e1 za\u010d\u00e1tkem z\u00e1\u0159\u00ed. Co se t\u00fd\u010de z\u00e1vod\u016f se zdrav\u00fdmi, ur\u010dit\u011b n\u011bco zaj\u00edmav\u00e9ho pojedu, ale zat\u00edm je\u0161t\u011b nev\u00edm p\u0159esn\u011b. Mus\u00ed mi v\u0161e zapadat do celkov\u00e9 koncepce p\u0159\u00edpravy.<\/em><\/p>\n<p> <strong> 11) Uvid\u00edme T\u011b op\u011bt v Praze na Evropsk\u00e9m poh\u00e1ru?<\/strong><\/p>\n<p><em> Pokud budu \u017eiv\u00fd a zdrav\u00fd, ur\u010dit\u011b pojedu! <\/em> <\/p>\n","protected":false},"excerpt":{"rendered":"<a href=\"https:\/\/www.caths.cz\/wordpress\/velky-a-velmi-otevreny-a-uprimny-rozhovor-s-jirim-jezkem\/\"><img loading=\"lazy\" decoding=\"async\" width=\"100\" height=\"100\" src=\"https:\/\/www.caths.cz\/wordpress\/wp-content\/plugins\/thumbnail-for-excerpts\/tfe_no_thumb.png\" class=\"alignleft wp-post-image tfe\" alt=\"\" title=\"\" \/><\/a><p>&#8230; o psychick\u00e9m tlaku na mistra sv\u011bta, nesmyslnosti paralympijsk\u00e9ho sporu, profesi zvan\u00e9 &#8222;\u010cesk\u00fd sportovn\u00ed funkcion\u00e1\u0159&#8220;, milionu i bolav\u00e9m kotn\u00edku&#8230; 1) P\u0159ed m\u011bs\u00edcem ses stal u\u017e po\u0161est\u00e9 mistrem sv\u011bta. Jak moc [&hellip;]<\/p>\n","protected":false},"author":1,"featured_media":0,"comment_status":"closed","ping_status":"closed","sticky":false,"template":"","format":"standard","meta":{"ngg_post_thumbnail":0,"footnotes":""},"categories":[16],"tags":[],"class_list":["post-1855","post","type-post","status-publish","format-standard","hentry","category-rozhovory"],"_links":{"self":[{"href":"https:\/\/www.caths.cz\/wordpress\/wp-json\/wp\/v2\/posts\/1855","targetHints":{"allow":["GET"]}}],"collection":[{"href":"https:\/\/www.caths.cz\/wordpress\/wp-json\/wp\/v2\/posts"}],"about":[{"href":"https:\/\/www.caths.cz\/wordpress\/wp-json\/wp\/v2\/types\/post"}],"author":[{"embeddable":true,"href":"https:\/\/www.caths.cz\/wordpress\/wp-json\/wp\/v2\/users\/1"}],"replies":[{"embeddable":true,"href":"https:\/\/www.caths.cz\/wordpress\/wp-json\/wp\/v2\/comments?post=1855"}],"version-history":[{"count":0,"href":"https:\/\/www.caths.cz\/wordpress\/wp-json\/wp\/v2\/posts\/1855\/revisions"}],"wp:attachment":[{"href":"https:\/\/www.caths.cz\/wordpress\/wp-json\/wp\/v2\/media?parent=1855"}],"wp:term":[{"taxonomy":"category","embeddable":true,"href":"https:\/\/www.caths.cz\/wordpress\/wp-json\/wp\/v2\/categories?post=1855"},{"taxonomy":"post_tag","embeddable":true,"href":"https:\/\/www.caths.cz\/wordpress\/wp-json\/wp\/v2\/tags?post=1855"}],"curies":[{"name":"wp","href":"https:\/\/api.w.org\/{rel}","templated":true}]}}