{"id":1854,"date":"2011-04-18T17:03:22","date_gmt":"2011-04-18T16:03:22","guid":{"rendered":"http:\/\/www.caths.cz\/wordpress\/?p=1854"},"modified":"2011-04-18T17:03:22","modified_gmt":"2011-04-18T16:03:22","slug":"atletum-zacina-sezona-soustredenim-v-nymburce","status":"publish","type":"post","link":"https:\/\/www.caths.cz\/wordpress\/atletum-zacina-sezona-soustredenim-v-nymburce\/","title":{"rendered":"Atlet\u016fm za\u010d\u00edn\u00e1 sez\u00f3na soust\u0159ed\u011bn\u00edm v Nymburce"},"content":{"rendered":"<p align=\"justify\">\nPrvn\u00ed kv\u011btnov\u00fd t\u00fdden se uskute\u010dn\u00ed ve Sportovn\u00edm centru Nymburk zahajovac\u00ed soust\u0159ed\u011bn\u00ed atletick\u00e9 reprezentace a z\u00e1rove\u0148 soust\u0159ed\u011bn\u00ed nov\u00e1\u010dk\u016f.<\/p>\n<p align=\"justify\"> Jedn\u00e1 se o tradi\u010dn\u00ed term\u00edn soust\u0159ed\u011bn\u00ed, kdy se po t\u00fddenn\u00edm pobytu v SC atleti p\u0159esunou do Pardubic na 1.kolo \u010cP v atletice voz\u00ed\u010dk\u00e1\u0159\u016f, napl\u00e1novan\u00e9ho na 8.5.2011. <br \/> V leto\u0161n\u00edm roce se budou atleti zam\u011b\u0159ovat p\u0159edev\u0161\u00edm na pln\u011bn\u00ed limit\u016f na LPH Lond\u00fdn 2012, kter\u00e9 by m\u011bly b\u00fdt zn\u00e1my nejpozd\u011bji do 1. kv\u011btna. <\/p>\n<p> Pozv\u00e1nka na soust\u0159ed\u011bn\u00ed nov\u00e1\u010dk\u016f<a href=\"http:\/\/www.caths.cz\/storage\/atletika\/soustredeni_novacku2011.pdf\" target=\"_blank\"> ZDE<\/a><br \/> Propozice k 1.kolu \u010cP v atletice voz\u00ed\u010dk\u00e1\u0159\u016f <a href=\"http:\/\/www.caths.cz\/storage\/atletika\/Propozice tps 2011.pdf\" target=\"_blank\"> ZDE<\/a><\/p>\n","protected":false},"excerpt":{"rendered":"<a href=\"https:\/\/www.caths.cz\/wordpress\/atletum-zacina-sezona-soustredenim-v-nymburce\/\"><img loading=\"lazy\" decoding=\"async\" width=\"100\" height=\"100\" src=\"https:\/\/www.caths.cz\/wordpress\/wp-content\/plugins\/thumbnail-for-excerpts\/tfe_no_thumb.png\" class=\"alignleft wp-post-image tfe\" alt=\"\" title=\"\" \/><\/a><p>Prvn\u00ed kv\u011btnov\u00fd t\u00fdden se uskute\u010dn\u00ed ve Sportovn\u00edm centru Nymburk zahajovac\u00ed soust\u0159ed\u011bn\u00ed atletick\u00e9 reprezentace a z\u00e1rove\u0148 soust\u0159ed\u011bn\u00ed nov\u00e1\u010dk\u016f. Jedn\u00e1 se o tradi\u010dn\u00ed term\u00edn soust\u0159ed\u011bn\u00ed, kdy se po t\u00fddenn\u00edm pobytu v SC [&hellip;]<\/p>\n","protected":false},"author":1,"featured_media":0,"comment_status":"closed","ping_status":"closed","sticky":false,"template":"","format":"standard","meta":{"ngg_post_thumbnail":0,"footnotes":""},"categories":[5],"tags":[],"class_list":["post-1854","post","type-post","status-publish","format-standard","hentry","category-atletika"],"_links":{"self":[{"href":"https:\/\/www.caths.cz\/wordpress\/wp-json\/wp\/v2\/posts\/1854","targetHints":{"allow":["GET"]}}],"collection":[{"href":"https:\/\/www.caths.cz\/wordpress\/wp-json\/wp\/v2\/posts"}],"about":[{"href":"https:\/\/www.caths.cz\/wordpress\/wp-json\/wp\/v2\/types\/post"}],"author":[{"embeddable":true,"href":"https:\/\/www.caths.cz\/wordpress\/wp-json\/wp\/v2\/users\/1"}],"replies":[{"embeddable":true,"href":"https:\/\/www.caths.cz\/wordpress\/wp-json\/wp\/v2\/comments?post=1854"}],"version-history":[{"count":0,"href":"https:\/\/www.caths.cz\/wordpress\/wp-json\/wp\/v2\/posts\/1854\/revisions"}],"wp:attachment":[{"href":"https:\/\/www.caths.cz\/wordpress\/wp-json\/wp\/v2\/media?parent=1854"}],"wp:term":[{"taxonomy":"category","embeddable":true,"href":"https:\/\/www.caths.cz\/wordpress\/wp-json\/wp\/v2\/categories?post=1854"},{"taxonomy":"post_tag","embeddable":true,"href":"https:\/\/www.caths.cz\/wordpress\/wp-json\/wp\/v2\/tags?post=1854"}],"curies":[{"name":"wp","href":"https:\/\/api.w.org\/{rel}","templated":true}]}}