{"id":1852,"date":"2011-04-16T21:52:50","date_gmt":"2011-04-16T20:52:50","guid":{"rendered":"http:\/\/www.caths.cz\/wordpress\/?p=1852"},"modified":"2011-04-16T21:52:50","modified_gmt":"2011-04-16T20:52:50","slug":"cesky-pohar-handbike-wwwcathscz-2011-v-pardubicich-v-rekordnim-case","status":"publish","type":"post","link":"https:\/\/www.caths.cz\/wordpress\/cesky-pohar-handbike-wwwcathscz-2011-v-pardubicich-v-rekordnim-case\/","title":{"rendered":"\u010cesk\u00fd poh\u00e1r handbike www.caths.cz 2011 v Pardubic\u00edch v rekordn\u00edm \u010dase"},"content":{"rendered":"<p align=\"justify\">\nO jednu minutu a 30 sekund byl \u00favodn\u00ed sobotn\u00ed z\u00e1vod \u010cP handbike www.caths.cz 2011 v Pardubic\u00edch rychlej\u0161\u00ed, ne\u017e kter\u00fdkoliv jin\u00fd v p\u011btilet\u00e9 historii tohoto z\u00e1vodu.<\/p>\n<p align=\"justify\"> Kr\u00e1sn\u00e9 po\u010das\u00ed, \u00fa\u017easn\u00ed div\u00e1ci, ale p\u0159edev\u0161\u00edm vynikaj\u00edc\u00ed sportovn\u00ed v\u00fdkony na\u0161ich handbiker\u016f. Tak to byl \u00favodn\u00ed podnik \u010cesk\u00e9ho poh\u00e1ru handbike www.caths.cz 2011 v Pardubic\u00edch.<br \/> Ihned po startu se v \u010dele z\u00e1vodu vytvo\u0159ila velmi rychle jedouc\u00ed skupina osmi z\u00e1vodn\u00edk\u016f kategori\u00ed H2 a H3, v n\u00ed\u017e m\u011bla na\u0161e zem\u011b hned p\u011btin\u00e1sobn\u00e9 zastoupen\u00ed, kdy\u017e dvojici slovensk\u00fdch borc\u016f a jednoho z\u00e1vodn\u00edka ze \u0160v\u00e9dska dopl\u0148ovali Jan Tom\u00e1nek, Michal \u0160i\u0161ka, Sanislav B\u00edza, V\u00e1clav Antal a Tom\u00e1\u0161 Mo\u0161ni\u010dka. Ov\u0161em v\u00fdraz &#8222;dopl\u0148ovali&#8220; ani zdaleka nevystihuje situaci na trati z\u00e1vodu, proto\u017ee to byli p\u0159edev\u0161\u00edm na\u0161i handbike\u0159i, kte\u0159\u00ed ur\u010dovali rekordn\u011b rychl\u00e9 tempo z\u00e1vodu. <br \/> Kr\u00e1sn\u00fd a dramatick\u00fd z\u00e1vod do posledn\u00edho metru pro sebe rozhodli v kategorii H3 sloven\u0161t\u00ed z\u00e1vodn\u00edci, kter\u00e9 na stupn\u00edch v\u00edt\u011bz\u016f doplnil Stanislav B\u00edza. V kategorii H2 svedli souboj o prvenstv\u00ed doslova o centimetry Jan Tom\u00e1nek s Michalem \u0160i\u0161kou. Pro m\u00edsto t\u0159et\u00ed si dnes p\u0159ijel V\u00e1clav Antal. V kategorii H1 obh\u00e1jil prvenstv\u00ed Martin Kov\u00e1\u0159.<br \/> P\u0159edev\u0161\u00edm jezdci kategorie H2 sv\u00fdm v\u00fdkonem zcela nezpochybniteln\u00fdm v\u00fdkonnostn\u00edm r\u016fstem potvrzuj\u00ed progn\u00f3zy reprezenta\u010dn\u00edho tren\u00e9ra Zapletala, \u017ee u n\u00e1s vyr\u016fst\u00e1 nov\u00e1, talentovan\u00e1 a p\u0159edev\u0161\u00edm velmi nad\u011bjn\u00e1 skupina mlad\u00fdch jezdc\u016f, kte\u0159\u00ed maj\u00ed p\u0159edpoklady sv\u00e1d\u011bt rovn\u00fd boj s absolutn\u00ed sv\u011btovou \u0161pi\u010dkou. M\u00e1me z tohoto trendu up\u0159\u00edmnou radost a s velk\u00fdm z\u00e1jmem budeme sledovat dal\u0161\u00ed z\u00e1vody handbikov\u00e9 sez\u00f3ny. <br \/> Z\u00e1vod tandem\u016f, \u010cesk\u00fd poh\u00e1r tandem\u016f www.caths.cz 2011 nep\u0159inesl \u017e\u00e1dn\u00e9 p\u0159ekvapen\u00ed. Pro v\u00edt\u011bzstv\u00ed si s naprost\u00fdm p\u0159ehledem, n\u00e1skokem a v tr\u00e9ninkov\u00e9m tempu p\u0159ijela pos\u00e1dka \u00fa\u0159aduj\u00edc\u00edch mistr\u016f \u010cesk\u00e9 republiky Moflar\/Chyba (NUTREND Specialized Team) p\u0159ed dr\u00e1hov\u00fdmi specialisty Moravec\/Bur\u00e1\u0148 a pos\u00e1dkou ze Slovenska. Pot\u011b\u0161uj\u00edc\u00ed je pak v\u00fdkon \u017eensk\u00e9 pos\u00e1dky \u2013 Lenka Zahradn\u00edkov\u00e1\/Petra Host\u00fdnsk\u00e1. <\/p>\n<p> <strong>Celkov\u00e9 v\u00fdsledky:<\/strong><\/p>\n<p> <strong>MH1<\/strong><br \/> 1. MATRIN KOV\u00c1\u0158<br \/> 2. LUD\u011aK BENADA<br \/> 3. IVAN DVO\u0158\u00c1K<br \/> 4. MILO\u0160 MATERN\u00dd<br \/> 5. PETR BOH\u00c1\u010cEK<br \/> 6. JI\u0158\u00cd KADE\u0158\u00c1VEK<br \/> 7. JI\u0158\u00cd KUCHTA<\/p>\n<p> <strong>MH2<\/strong><br \/> 1. JAN TOM\u00c1NEK<br \/> 2. MICHAL \u0160I\u0160KA<br \/> 3. V\u00c1CLAV ANTAL<br \/> 4. RADIM LI\u0160KA<br \/> 5. JAROLSLAV JADLOVSK\u00dd<br \/> 6. ROMAN CHARV\u00c1T<br \/> 7. TOMAS RONNBLOM<br \/> 8. JOEL NILSSON<br \/> 9. RADOSLAV GEORGIEV<\/p>\n<p> <strong>MH3<\/strong><br \/> 1. PETER \u0160ELINGA<br \/> 2. DANIEL KUKLA<br \/> 3. STANISLAV B\u00cdZA<br \/> 4. MIROSLAV \u0160ULC<br \/> 5. TOM\u00c1\u0160 MO\u0160NI\u010cKA<br \/> 6. RADOSLAV FABI\u00c1N<br \/> 7. DU\u0160AN PET\u0158VALSK\u00dd<br \/> 8. JI\u0158\u00cd VOKURKA<\/p>\n<p> <strong>WH<\/strong><br \/> 1. ANNA OROSZOV\u00c1<\/p>\n<p> <strong>TANDEM MU\u017dI<\/strong><br \/> 1. MAREK MOFLAR &#8211; JI\u0158\u00cd CHYBA<br \/> 2. ALE\u0160 MORAVEC &#8211; PAVEL BUR\u00c1\u0147<br \/> 3. MARI\u00c1N T\u00d3TH &#8211; JAROSLAV ZOLDAY<\/p>\n<p> <strong>TANDEM \u017dENY<\/strong><br \/> 1. ZAHRADN\u00cdKOV\u00c1 LENKA &#8211; HOST\u00ddNSK\u00c1 PETRA <\/p>\n<p> <img decoding=\"async\" src=\"\/wordpress\/image\/k_clankum\/pardubice11\/1.jpg\"> <\/p>\n<p> <img decoding=\"async\" src=\"\/wordpress\/image\/k_clankum\/pardubice11\/2.jpg\"> <\/p>\n<p> <img decoding=\"async\" src=\"\/wordpress\/image\/k_clankum\/pardubice11\/3.jpg\"> <\/p>\n<p> <img decoding=\"async\" src=\"\/wordpress\/image\/k_clankum\/pardubice11\/4.jpg\"> <\/p>\n<p> <img decoding=\"async\" src=\"\/wordpress\/image\/k_clankum\/pardubice11\/7.jpg\"> <\/p>\n<p> <img decoding=\"async\" src=\"\/wordpress\/image\/k_clankum\/pardubice11\/9.jpg\"> <\/p>\n<p> <img decoding=\"async\" src=\"\/wordpress\/image\/k_clankum\/pardubice11\/8.jpg\"> <\/p>\n","protected":false},"excerpt":{"rendered":"<a href=\"https:\/\/www.caths.cz\/wordpress\/cesky-pohar-handbike-wwwcathscz-2011-v-pardubicich-v-rekordnim-case\/\"><img loading=\"lazy\" decoding=\"async\" width=\"100\" height=\"100\" src=\"https:\/\/www.caths.cz\/wordpress\/wp-content\/plugins\/thumbnail-for-excerpts\/tfe_no_thumb.png\" class=\"alignleft wp-post-image tfe\" alt=\"\" title=\"\" \/><\/a><p>O jednu minutu a 30 sekund byl \u00favodn\u00ed sobotn\u00ed z\u00e1vod \u010cP handbike www.caths.cz 2011 v Pardubic\u00edch rychlej\u0161\u00ed, ne\u017e kter\u00fdkoliv jin\u00fd v p\u011btilet\u00e9 historii tohoto z\u00e1vodu. Kr\u00e1sn\u00e9 po\u010das\u00ed, \u00fa\u017easn\u00ed div\u00e1ci, ale [&hellip;]<\/p>\n","protected":false},"author":1,"featured_media":0,"comment_status":"closed","ping_status":"closed","sticky":false,"template":"","format":"standard","meta":{"ngg_post_thumbnail":0,"footnotes":""},"categories":[9],"tags":[],"class_list":["post-1852","post","type-post","status-publish","format-standard","hentry","category-handbike"],"_links":{"self":[{"href":"https:\/\/www.caths.cz\/wordpress\/wp-json\/wp\/v2\/posts\/1852","targetHints":{"allow":["GET"]}}],"collection":[{"href":"https:\/\/www.caths.cz\/wordpress\/wp-json\/wp\/v2\/posts"}],"about":[{"href":"https:\/\/www.caths.cz\/wordpress\/wp-json\/wp\/v2\/types\/post"}],"author":[{"embeddable":true,"href":"https:\/\/www.caths.cz\/wordpress\/wp-json\/wp\/v2\/users\/1"}],"replies":[{"embeddable":true,"href":"https:\/\/www.caths.cz\/wordpress\/wp-json\/wp\/v2\/comments?post=1852"}],"version-history":[{"count":0,"href":"https:\/\/www.caths.cz\/wordpress\/wp-json\/wp\/v2\/posts\/1852\/revisions"}],"wp:attachment":[{"href":"https:\/\/www.caths.cz\/wordpress\/wp-json\/wp\/v2\/media?parent=1852"}],"wp:term":[{"taxonomy":"category","embeddable":true,"href":"https:\/\/www.caths.cz\/wordpress\/wp-json\/wp\/v2\/categories?post=1852"},{"taxonomy":"post_tag","embeddable":true,"href":"https:\/\/www.caths.cz\/wordpress\/wp-json\/wp\/v2\/tags?post=1852"}],"curies":[{"name":"wp","href":"https:\/\/api.w.org\/{rel}","templated":true}]}}