{"id":1851,"date":"2011-04-15T11:22:20","date_gmt":"2011-04-15T10:22:20","guid":{"rendered":"http:\/\/www.caths.cz\/wordpress\/?p=1851"},"modified":"2011-04-15T11:22:20","modified_gmt":"2011-04-15T10:22:20","slug":"zprava-dana-biny-z-sp-na-mallorce","status":"publish","type":"post","link":"https:\/\/www.caths.cz\/wordpress\/zprava-dana-biny-z-sp-na-mallorce\/","title":{"rendered":"Zpr\u00e1va Dana B\u00edny z SP na Mallorce"},"content":{"rendered":"<p align=\"justify\">Ve dnech 1.\u20139. dubna jsem se z\u00fa\u010dastnil z\u00e1vodu sv\u011btov\u00e9ho poh\u00e1ru Princess Sofia Trophy na Mallorce. Na startu se se\u0161la flotila sice mal\u00e1, ale zato kvalitn\u00ed. Z absolutn\u00ed sv\u011btov\u00e9 \u0161pi\u010dky chyb\u011bli pouze Paul Tingley (CAN) a Damien Seguin (FRA)<\/p>\n<p align=\"justify\">Jeliko\u017e jsem si ze zimn\u00ed p\u0159\u00edpravy p\u0159ivezl nalomen\u00fd st\u011b\u017ee\u0148, musel jsem jet na zap\u016fj\u010den\u00e9m. Bohu\u017eel se uk\u00e1zalo, \u017ee \u010dep vedouc\u00ed do r\u00e1hna je p\u0159\u00edli\u0161 dlouh\u00fd a m\u00e1 tendenci blokovat ot\u011b\u017e. Co\u017e se stalo kritick\u00fdm na za\u010f\u00e1ky, zejm\u00e9na prvn\u00ed den, kdy ve v\u011btru okolo 10 m\/s se lo\u010f st\u00e1vala ne\u0159iditelnou \u2013 tak\u017ee jedno zatopen\u00ed, jedno praskl\u00e9 kormidlo a dv\u011b nedokon\u010den\u00e9 rozj\u00ed\u017e\u010fky. A odpoledne str\u00e1ven\u00e9 \u00fapravami r\u00e1hna.<br \/> \u010cerstv\u00e9 br\u00edza druh\u00e9ho dne my vylo\u017een\u011b sedla a bylo z toho 5. m\u00edsto, bohu\u017eel na druhou rozj\u00ed\u017e\u010fku usnula. Dojel jsem dev\u00e1t\u00fd.<br \/> T\u0159et\u00ed den byl ve znamen\u00ed flauty. Rann\u00ed br\u00edza postupn\u011b sl\u00e1bla a\u017e k nule. Rozj\u00ed\u017e\u010fky jsem dokon\u010dil na 8. a 9. m\u00edst\u011b.<br \/> Den \u010dtvrt\u00fd&#8230; \u010cek\u00e1me na odpoledn\u00ed v\u00edtr a ten p\u0159ich\u00e1z\u00ed. P\u011bkn\u00fdch stabiln\u00edch 6 uzl\u016f, v\u00edcem\u00e9n\u011b ji\u017en\u00edho sm\u011bru. Je z toho 5. a 8. m\u00edsto.<br \/> Den p\u00e1t\u00fd, posledn\u00ed. Zprvu to vypad\u00e1, \u017ee se neodjede nic. Je to jako ve filmu, v prav\u00e9 poledne v\u00edtr s\u00edl\u00ed, vyj\u00ed\u017ed\u00edme skoro do ni\u010deho, prvn\u00ed rozj\u00ed\u017e\u010fku ale jedeme ve st\u00e1l\u00fdch 10 uzlech. A m\u011b se da\u0159\u00ed \u2013 vezu 4. m\u00edsto. Bohu\u017eel dotek b\u00f3je a n\u00e1prava znamen\u00e1 propad na m\u00edsto \u0161est\u00e9. Na z\u00e1v\u011bre\u010dnou rozj\u00ed\u017e\u010fku se v\u00edtr zvedl na 14 uzl\u016f a j\u00e1 dojel sedm\u00fd. Stejn\u011b jak jsem skon\u010dil i celkov\u011b. <br \/> P\u0159es vylo\u017een\u011b smoln\u00fd za\u010d\u00e1tek, se mi poda\u0159ilo dos\u00e1hnout pl\u00e1novan\u00e9ho um\u00edst\u011bn\u00ed, co\u017e nelze hodnotit jinak ne\u017e kladn\u011b.<\/p>\n<p> 1. Thierry Schmitter NED<br \/> 2. Heiko Kroger GER<br \/> 3. Megan Pascoe GBR<\/p>\n<p> 7. Daniel B\u00edna CZE<\/p>\n","protected":false},"excerpt":{"rendered":"<a href=\"https:\/\/www.caths.cz\/wordpress\/zprava-dana-biny-z-sp-na-mallorce\/\"><img loading=\"lazy\" decoding=\"async\" width=\"100\" height=\"100\" src=\"https:\/\/www.caths.cz\/wordpress\/wp-content\/plugins\/thumbnail-for-excerpts\/tfe_no_thumb.png\" class=\"alignleft wp-post-image tfe\" alt=\"\" title=\"\" \/><\/a><p>Ve dnech 1.\u20139. dubna jsem se z\u00fa\u010dastnil z\u00e1vodu sv\u011btov\u00e9ho poh\u00e1ru Princess Sofia Trophy na Mallorce. Na startu se se\u0161la flotila sice mal\u00e1, ale zato kvalitn\u00ed. Z absolutn\u00ed sv\u011btov\u00e9 \u0161pi\u010dky chyb\u011bli [&hellip;]<\/p>\n","protected":false},"author":1,"featured_media":0,"comment_status":"closed","ping_status":"closed","sticky":false,"template":"","format":"standard","meta":{"ngg_post_thumbnail":0,"footnotes":""},"categories":[11],"tags":[],"class_list":["post-1851","post","type-post","status-publish","format-standard","hentry","category-jachting"],"_links":{"self":[{"href":"https:\/\/www.caths.cz\/wordpress\/wp-json\/wp\/v2\/posts\/1851","targetHints":{"allow":["GET"]}}],"collection":[{"href":"https:\/\/www.caths.cz\/wordpress\/wp-json\/wp\/v2\/posts"}],"about":[{"href":"https:\/\/www.caths.cz\/wordpress\/wp-json\/wp\/v2\/types\/post"}],"author":[{"embeddable":true,"href":"https:\/\/www.caths.cz\/wordpress\/wp-json\/wp\/v2\/users\/1"}],"replies":[{"embeddable":true,"href":"https:\/\/www.caths.cz\/wordpress\/wp-json\/wp\/v2\/comments?post=1851"}],"version-history":[{"count":0,"href":"https:\/\/www.caths.cz\/wordpress\/wp-json\/wp\/v2\/posts\/1851\/revisions"}],"wp:attachment":[{"href":"https:\/\/www.caths.cz\/wordpress\/wp-json\/wp\/v2\/media?parent=1851"}],"wp:term":[{"taxonomy":"category","embeddable":true,"href":"https:\/\/www.caths.cz\/wordpress\/wp-json\/wp\/v2\/categories?post=1851"},{"taxonomy":"post_tag","embeddable":true,"href":"https:\/\/www.caths.cz\/wordpress\/wp-json\/wp\/v2\/tags?post=1851"}],"curies":[{"name":"wp","href":"https:\/\/api.w.org\/{rel}","templated":true}]}}