{"id":1850,"date":"2011-04-14T08:28:28","date_gmt":"2011-04-14T07:28:28","guid":{"rendered":"http:\/\/www.caths.cz\/wordpress\/?p=1850"},"modified":"2011-04-14T08:28:28","modified_gmt":"2011-04-14T07:28:28","slug":"pardubice-ocekavaji-zavod-nervoznich-handbikeru","status":"publish","type":"post","link":"https:\/\/www.caths.cz\/wordpress\/pardubice-ocekavaji-zavod-nervoznich-handbikeru\/","title":{"rendered":"Pardubice o\u010dek\u00e1vaj\u00ed z\u00e1vod nerv\u00f3zn\u00edch handbiker\u016f"},"content":{"rendered":"<p align=\"justify\">Velk\u00e1 nervozita a nap\u011bt\u00ed panuje v pelotonu  z\u00e1vodn\u00edk\u016f handbike, kte\u0159\u00ed se chystaj\u00ed k \u00favodn\u00edmu kolu \u010cesk\u00e9ho poh\u00e1ru handbike www.caths.cz 2011.<\/p>\n<p align=\"justify\"> I proto se o\u010dek\u00e1v\u00e1 sp\u00ed\u0161e taktick\u00fd z\u00e1vod s hromadn\u00fdm spurtem, ostatn\u011b ani na\u0161e mini anketa mezi handbikery nep\u0159inesla jasn\u011bj\u0161\u00ed progn\u00f3zu a tak jsme po\u017e\u00e1dali o tip na v\u00fdvoj z\u00e1vodu reprezenta\u010dn\u00edho tren\u00e9ra Viktora Zapletala: <br \/><em>&#8222;Vyhraje ten, kdo zvl\u00e1dne nejl\u00e9pe posledn\u00ed dv\u011b kola z\u00e1vodu. P\u0159edev\u0161\u00edm takticky, co\u017e znamen\u00e1 b\u00fdt na tom spr\u00e1vn\u00e9m m\u00edst\u011b v pelotonu a zajistit si nejlep\u0161\u00ed mo\u017enou pozici pro z\u00e1v\u011bre\u010dn\u00fd spurt. Osobn\u011b si nemysl\u00edm, \u017ee by se n\u011bkdo odv\u00e1\u017eil na pardubick\u00e9 trati o samostatn\u00fd \u00fanik, sp\u00ed\u0161e o\u010dek\u00e1v\u00e1m vyrovnanou skupinku kategori\u00ed H2 a H3 a souboj do posledn\u00edch metr\u016f. Ka\u017edop\u00e1dn\u011b, pokud by si n\u011bkdo z kluk\u016f v\u011b\u0159il po zim\u011b natolik, \u017ee by si troufnul na samostatn\u00fd \u00fanik, byl bych tou bojovnost\u00ed velmi pot\u011b\u0161en.&#8220;<\/em><\/p>\n<p> P\u0159edpov\u011b\u010f po\u010das\u00ed pro sobotn\u00ed dopoledne zn\u00ed: obla\u010dno, bez p\u0159eh\u00e1n\u011bk, maxim\u00e1ln\u00ed teploty do 12 stup\u0148\u016f.<br \/> O z\u00e1vod je zna\u010dn\u00fd z\u00e1jem o \u010dem\u017e sv\u011bd\u010d\u00ed i \u00fa\u010dast \u0161t\u00e1bu \u010cesk\u00e9 televize. Zveme i v\u00e1s do Pardubic, p\u0159ije\u010fte si u\u017e\u00edt fantastick\u00fd z\u00e1vod ve skv\u011bl\u00e9 div\u00e1ck\u00e9 atmosf\u00e9\u0159e, p\u0159ije\u010fte na prvn\u00ed kolo \u010cesk\u00e9ho poh\u00e1ru handbike www.caths.cz 2011! <\/p>\n<p> <img decoding=\"async\" src=\"\/wordpress\/image\/k_clankum\/pardubice_ilustracni.jpg\"><\/p>\n","protected":false},"excerpt":{"rendered":"<a href=\"https:\/\/www.caths.cz\/wordpress\/pardubice-ocekavaji-zavod-nervoznich-handbikeru\/\"><img loading=\"lazy\" decoding=\"async\" width=\"100\" height=\"100\" src=\"https:\/\/www.caths.cz\/wordpress\/wp-content\/plugins\/thumbnail-for-excerpts\/tfe_no_thumb.png\" class=\"alignleft wp-post-image tfe\" alt=\"\" title=\"\" \/><\/a><p>Velk\u00e1 nervozita a nap\u011bt\u00ed panuje v pelotonu z\u00e1vodn\u00edk\u016f handbike, kte\u0159\u00ed se chystaj\u00ed k \u00favodn\u00edmu kolu \u010cesk\u00e9ho poh\u00e1ru handbike www.caths.cz 2011. I proto se o\u010dek\u00e1v\u00e1 sp\u00ed\u0161e taktick\u00fd z\u00e1vod s hromadn\u00fdm spurtem, [&hellip;]<\/p>\n","protected":false},"author":1,"featured_media":0,"comment_status":"closed","ping_status":"closed","sticky":false,"template":"","format":"standard","meta":{"ngg_post_thumbnail":0,"footnotes":""},"categories":[9],"tags":[],"class_list":["post-1850","post","type-post","status-publish","format-standard","hentry","category-handbike"],"_links":{"self":[{"href":"https:\/\/www.caths.cz\/wordpress\/wp-json\/wp\/v2\/posts\/1850","targetHints":{"allow":["GET"]}}],"collection":[{"href":"https:\/\/www.caths.cz\/wordpress\/wp-json\/wp\/v2\/posts"}],"about":[{"href":"https:\/\/www.caths.cz\/wordpress\/wp-json\/wp\/v2\/types\/post"}],"author":[{"embeddable":true,"href":"https:\/\/www.caths.cz\/wordpress\/wp-json\/wp\/v2\/users\/1"}],"replies":[{"embeddable":true,"href":"https:\/\/www.caths.cz\/wordpress\/wp-json\/wp\/v2\/comments?post=1850"}],"version-history":[{"count":0,"href":"https:\/\/www.caths.cz\/wordpress\/wp-json\/wp\/v2\/posts\/1850\/revisions"}],"wp:attachment":[{"href":"https:\/\/www.caths.cz\/wordpress\/wp-json\/wp\/v2\/media?parent=1850"}],"wp:term":[{"taxonomy":"category","embeddable":true,"href":"https:\/\/www.caths.cz\/wordpress\/wp-json\/wp\/v2\/categories?post=1850"},{"taxonomy":"post_tag","embeddable":true,"href":"https:\/\/www.caths.cz\/wordpress\/wp-json\/wp\/v2\/tags?post=1850"}],"curies":[{"name":"wp","href":"https:\/\/api.w.org\/{rel}","templated":true}]}}