{"id":1846,"date":"2011-04-10T01:03:27","date_gmt":"2011-04-10T00:03:27","guid":{"rendered":"http:\/\/www.caths.cz\/wordpress\/?p=1846"},"modified":"2011-04-10T01:03:27","modified_gmt":"2011-04-10T00:03:27","slug":"zeptali-jsme-se-nasich-handbikeru","status":"publish","type":"post","link":"https:\/\/www.caths.cz\/wordpress\/zeptali-jsme-se-nasich-handbikeru\/","title":{"rendered":"Zeptali jsme se na\u0161ich handbiker\u016f"},"content":{"rendered":"<p>&#8222;Jak se c\u00edt\u00edte a jak\u00e9 jsou Va\u0161e ambice p\u0159ed prvn\u00edm z\u00e1vodem \u010cP handbike www.caths.cz 2011 ?&#8220;<\/p>\n<p align=\"justify\"> Jak jsme V\u00e1s ji\u017e informovali, p\u0159\u00ed\u0161t\u00ed t\u00fdden se rozj\u00ed\u017ed\u00ed seri\u00e1l z\u00e1vod\u016f \u010cesk\u00e9ho poh\u00e1ru handbike www.caths.cz 2011. Prvn\u00ed kolo se uskute\u010dn\u00ed v sobotu 16.4.2011 v Pardubic\u00edch.<br \/> A tak jsme se zeptali handbiker\u016f, jak se c\u00edt\u00ed p\u0159ed prvn\u00edm z\u00e1vodem. Odpov\u011bdi V\u00e1m p\u0159ineseme v n\u00e1sleduj\u00edc\u00edch dnech.<\/p>\n<p> <strong> Va\u0161ek Antal:<\/strong><\/p>\n<p> <img decoding=\"async\" src=\"\/wordpress\/image\/k_clankum\/antal_roz1.jpg\" ALIGN=\"right\" HSPACE=5 VSPACE=5\"><em>&#8222;Do leto\u0161n\u00ed sezony si vezu zran\u011bn\u00ed z lo\u0148ska, ale nec\u00edt\u00edm, \u017ee by mi to br\u00e1nilo p\u0159i p\u0159\u00edprav\u011b na tuto sezonu. <br \/>V\u0161ichni, co pom\u00fd\u0161l\u00edme na dobr\u00e9 v\u00fdsledky, m\u00e1me ur\u010dit\u011b jen ty nejvy\u0161\u0161\u00ed ambice a v ka\u017ed\u00e9m z\u00e1vod\u011b se budeme sna\u017eit ze sebe dostat co nejv\u00edce.&#8220;<\/em> <\/p>\n<p> <strong>Honza Tom\u00e1nek:<\/strong><\/p>\n<p> <img decoding=\"async\" src=\"\/wordpress\/image\/k_clankum\/tomanek_roz1.jpg\" ALIGN=\"right\" HSPACE=5 VSPACE=5\"><em>&#8222;Absolvoval jsem n\u00e1ro\u010dnou a do detail\u016f promy\u0161lenou zimn\u00ed p\u0159\u00edpravu, ale teprve pr\u016fb\u011bhem sez\u00f3ny se d\u00e1 objektivn\u011b zhodnotit jej\u00ed celkov\u00fd p\u0159\u00ednos. Na za\u010d\u00e1tku ka\u017ed\u00e9 sez\u00f3ny jsem tro\u0161ku napjat\u00fd, jestli p\u0159\u00edprava byla vhodn\u011b napl\u00e1novan\u00e1, jestli se mi poda\u0159ilo eliminovat nebo odstranit nedostatky, kter\u00e9 jsem zaznamenal v pr\u016fb\u011bhu minul\u00e9ho roku apod. V tuto chv\u00edli mohu s klidn\u00fdm sv\u011bdom\u00edm \u0159\u00edci, \u017ee jsem s prob\u011bhlou zimn\u00ed p\u0159\u00edpravou spokojen a c\u00edt\u00edm se optim\u00e1ln\u011b p\u0159ipraven. V lo\u0148sk\u00e9m roce jsem zaznamenal mnohou \u00fasp\u011bch\u016f v dom\u00e1c\u00edm i evropsk\u00e9m poh\u00e1ru a je celkem pochopiteln\u00e9, \u017ee i v leto\u0161n\u00edm roce bych cht\u011bl d\u00e1le stoupat vzh\u016fru a vyhr\u00e1vat.&#8220;<\/em> <\/p>\n<p> <strong>Miroslav \u0160ulc:<\/strong><\/p>\n<p> <img decoding=\"async\" src=\"\/wordpress\/image\/k_clankum\/sulc_roz1.jpg\" ALIGN=\"right\" HSPACE=5 VSPACE=5\"><em>&#8222;Jsem dost unaven\u00fd. Vzhledem k tomu, \u017ee po\u010das\u00ed umo\u017e\u0148uje tr\u00e9nink venku a j\u00e1 se sna\u017e\u00edm dohnat to, co jsem v zim\u011b zanedbal, tr\u00e1v\u00edm te\u010f na kole hodn\u011b \u010dasu. A ambice? Sp\u00ed\u0161e v\u0161eobecn\u00e9, prost\u011b jezdit z\u00e1vody zase rychleji n\u011b\u017e loni.&#8220;<\/em> <\/p>\n","protected":false},"excerpt":{"rendered":"<a href=\"https:\/\/www.caths.cz\/wordpress\/zeptali-jsme-se-nasich-handbikeru\/\"><img loading=\"lazy\" decoding=\"async\" width=\"100\" height=\"100\" src=\"https:\/\/www.caths.cz\/wordpress\/wp-content\/plugins\/thumbnail-for-excerpts\/tfe_no_thumb.png\" class=\"alignleft wp-post-image tfe\" alt=\"\" title=\"\" \/><\/a><p>&#8222;Jak se c\u00edt\u00edte a jak\u00e9 jsou Va\u0161e ambice p\u0159ed prvn\u00edm z\u00e1vodem \u010cP handbike www.caths.cz 2011 ?&#8220; Jak jsme V\u00e1s ji\u017e informovali, p\u0159\u00ed\u0161t\u00ed t\u00fdden se rozj\u00ed\u017ed\u00ed seri\u00e1l z\u00e1vod\u016f \u010cesk\u00e9ho poh\u00e1ru handbike [&hellip;]<\/p>\n","protected":false},"author":1,"featured_media":0,"comment_status":"closed","ping_status":"closed","sticky":false,"template":"","format":"standard","meta":{"ngg_post_thumbnail":0,"footnotes":""},"categories":[16],"tags":[],"class_list":["post-1846","post","type-post","status-publish","format-standard","hentry","category-rozhovory"],"_links":{"self":[{"href":"https:\/\/www.caths.cz\/wordpress\/wp-json\/wp\/v2\/posts\/1846","targetHints":{"allow":["GET"]}}],"collection":[{"href":"https:\/\/www.caths.cz\/wordpress\/wp-json\/wp\/v2\/posts"}],"about":[{"href":"https:\/\/www.caths.cz\/wordpress\/wp-json\/wp\/v2\/types\/post"}],"author":[{"embeddable":true,"href":"https:\/\/www.caths.cz\/wordpress\/wp-json\/wp\/v2\/users\/1"}],"replies":[{"embeddable":true,"href":"https:\/\/www.caths.cz\/wordpress\/wp-json\/wp\/v2\/comments?post=1846"}],"version-history":[{"count":0,"href":"https:\/\/www.caths.cz\/wordpress\/wp-json\/wp\/v2\/posts\/1846\/revisions"}],"wp:attachment":[{"href":"https:\/\/www.caths.cz\/wordpress\/wp-json\/wp\/v2\/media?parent=1846"}],"wp:term":[{"taxonomy":"category","embeddable":true,"href":"https:\/\/www.caths.cz\/wordpress\/wp-json\/wp\/v2\/categories?post=1846"},{"taxonomy":"post_tag","embeddable":true,"href":"https:\/\/www.caths.cz\/wordpress\/wp-json\/wp\/v2\/tags?post=1846"}],"curies":[{"name":"wp","href":"https:\/\/api.w.org\/{rel}","templated":true}]}}