{"id":1845,"date":"2011-04-09T10:06:07","date_gmt":"2011-04-09T09:06:07","guid":{"rendered":"http:\/\/www.caths.cz\/wordpress\/?p=1845"},"modified":"2011-04-09T10:06:07","modified_gmt":"2011-04-09T09:06:07","slug":"nejlepsi-jachtari-cr-se-sejdou-o-velikonocich","status":"publish","type":"post","link":"https:\/\/www.caths.cz\/wordpress\/nejlepsi-jachtari-cr-se-sejdou-o-velikonocich\/","title":{"rendered":"Nejlep\u0161\u00ed jachta\u0159i \u010cR se sejdou o Velikonoc\u00edch"},"content":{"rendered":"<p align=\"justify\">\nMezin\u00e1rodn\u00ed mistrovstv\u00ed \u010cesk\u00e9 republiky v jachtingu lodn\u00ed t\u0159\u00eddy 2,4mR  se uskute\u010dn\u00ed o velikono\u010dn\u00edch sv\u00e1tc\u00edch v n\u00e1dhern\u00e9m prost\u0159ed\u00ed vodn\u00ed n\u00e1dr\u017ee Nov\u00e9 Ml\u00fdny pobl\u00ed\u017e moravsk\u00fdch m\u011bste\u010dek Pavlov a Doln\u00ed a Horn\u00ed V\u011bstonice.<\/p>\n<p align=\"justify\"> Do rozj\u00ed\u017ed\u011bk nastoup\u00ed i na\u0161e dv\u011b lod\u011b s reprezentanty Danem B\u00ednou a Sa\u0161ou Sad\u00edlkem. Program mistrovstv\u00ed za\u010d\u00edn\u00e1 v sobotu ve 12 hodin prvn\u00edmi rozj\u00ed\u017e\u010fkami. Po\u0159adatel\u00e9 p\u0159edpokl\u00e1daj\u00ed i hojnou \u00fa\u010dast lod\u00ed z okoln\u00edch st\u00e1t\u016f. <\/p>\n<p> Propozice MM\u010cR naleznete <a href=\"http:\/\/www.caths.cz\/storage\/jachting\/NOR_CZ_championship_2011.pdf\" target=\"_blank\"> ZDE<\/a> <\/p>\n","protected":false},"excerpt":{"rendered":"<a href=\"https:\/\/www.caths.cz\/wordpress\/nejlepsi-jachtari-cr-se-sejdou-o-velikonocich\/\"><img loading=\"lazy\" decoding=\"async\" width=\"100\" height=\"100\" src=\"https:\/\/www.caths.cz\/wordpress\/wp-content\/plugins\/thumbnail-for-excerpts\/tfe_no_thumb.png\" class=\"alignleft wp-post-image tfe\" alt=\"\" title=\"\" \/><\/a><p>Mezin\u00e1rodn\u00ed mistrovstv\u00ed \u010cesk\u00e9 republiky v jachtingu lodn\u00ed t\u0159\u00eddy 2,4mR se uskute\u010dn\u00ed o velikono\u010dn\u00edch sv\u00e1tc\u00edch v n\u00e1dhern\u00e9m prost\u0159ed\u00ed vodn\u00ed n\u00e1dr\u017ee Nov\u00e9 Ml\u00fdny pobl\u00ed\u017e moravsk\u00fdch m\u011bste\u010dek Pavlov a Doln\u00ed a Horn\u00ed V\u011bstonice. [&hellip;]<\/p>\n","protected":false},"author":1,"featured_media":0,"comment_status":"closed","ping_status":"closed","sticky":false,"template":"","format":"standard","meta":{"ngg_post_thumbnail":0,"footnotes":""},"categories":[11],"tags":[],"class_list":["post-1845","post","type-post","status-publish","format-standard","hentry","category-jachting"],"_links":{"self":[{"href":"https:\/\/www.caths.cz\/wordpress\/wp-json\/wp\/v2\/posts\/1845","targetHints":{"allow":["GET"]}}],"collection":[{"href":"https:\/\/www.caths.cz\/wordpress\/wp-json\/wp\/v2\/posts"}],"about":[{"href":"https:\/\/www.caths.cz\/wordpress\/wp-json\/wp\/v2\/types\/post"}],"author":[{"embeddable":true,"href":"https:\/\/www.caths.cz\/wordpress\/wp-json\/wp\/v2\/users\/1"}],"replies":[{"embeddable":true,"href":"https:\/\/www.caths.cz\/wordpress\/wp-json\/wp\/v2\/comments?post=1845"}],"version-history":[{"count":0,"href":"https:\/\/www.caths.cz\/wordpress\/wp-json\/wp\/v2\/posts\/1845\/revisions"}],"wp:attachment":[{"href":"https:\/\/www.caths.cz\/wordpress\/wp-json\/wp\/v2\/media?parent=1845"}],"wp:term":[{"taxonomy":"category","embeddable":true,"href":"https:\/\/www.caths.cz\/wordpress\/wp-json\/wp\/v2\/categories?post=1845"},{"taxonomy":"post_tag","embeddable":true,"href":"https:\/\/www.caths.cz\/wordpress\/wp-json\/wp\/v2\/tags?post=1845"}],"curies":[{"name":"wp","href":"https:\/\/api.w.org\/{rel}","templated":true}]}}