{"id":1843,"date":"2011-04-07T09:36:41","date_gmt":"2011-04-07T08:36:41","guid":{"rendered":"http:\/\/www.caths.cz\/wordpress\/?p=1843"},"modified":"2011-04-07T09:36:41","modified_gmt":"2011-04-07T08:36:41","slug":"strelba-po-handbike-s-cyklistikou-pak-jachting-na-rybniku-ve-mlyne-a-plavani-v-nemecku","status":"publish","type":"post","link":"https:\/\/www.caths.cz\/wordpress\/strelba-po-handbike-s-cyklistikou-pak-jachting-na-rybniku-ve-mlyne-a-plavani-v-nemecku\/","title":{"rendered":"St\u0159elba po handbike s cyklistikou, pak jachting na rybn\u00edku ve Ml\u00fdn\u011b a plav\u00e1n\u00ed v N\u011bmecku&#8230;"},"content":{"rendered":"<p align=\"justify\">\nTot\u00e1ln\u00ed blbost, mysl\u00edte si, \u017ee jo?!  Ale v\u016fbec ne, to je m\u011bs\u00edc duben z pohledu kalend\u00e1\u0159e sportovn\u00edho fanou\u0161ka!<\/p>\n<p align=\"justify\"> Duben a sport handicapovan\u00fdch, za\u010dne velmi rozv\u00e1\u017en\u011b, nicm\u00e9n\u011b v z\u00e1v\u011bru m\u011bs\u00edce se m\u016f\u017eeme t\u011b\u0161it na \u00faplnou sportovn\u00ed smr\u0161\u0165.<br \/> <img decoding=\"async\" src=\"\/wordpress\/image\/k_clankum\/duben_4.jpg\" ALIGN=\"right\" HSPACE=5 VSPACE=5\"> Rychle se bl\u00ed\u017e\u00edc\u00ed datum 16.4. je velmi d\u016fle\u017eit\u00e9 pro celou na\u0161\u00ed handbikovou \u0161pi\u010dku. Po dlooouh\u00e9 zim\u011b toti\u017e za\u010d\u00edn\u00e1 s nap\u011bt\u00edm o\u010dek\u00e1van\u00e1 sout\u011b\u017e, \u010cesk\u00fd poh\u00e1r handbike www.caths.cz 2011. Poda\u0159\u00ed se letos kone\u010dn\u011b v\u00fdrazn\u011bji prosadit n\u011bkomu z po\u010detn\u00e9ho pelotonu jezdc\u016f? Potvrd\u00ed Jan Tom\u00e1nek, Michal \u0160i\u0161ka, Stanislav B\u00edza \u010di V\u00e1clav Antal o\u010dek\u00e1v\u00e1n\u00ed odborn\u00e9 ve\u0159ejnosti? Nebo se naopak m\u016f\u017eeme t\u011b\u0161it z v\u00fdkon\u016f \u00fapln\u00e9ho nov\u00e1\u010dka sout\u011b\u017ee?<br \/> Uvid\u00edme a t\u011b\u0161\u00edme se&#8230;<\/p>\n<p> Z\u00e1rove\u0148 s handbike se otev\u0159e sez\u00f3na i pro tandemy se zrakov\u011b handicapovan\u00fdm cyklistou, kter\u00e9 \u010dek\u00e1 \u00favodn\u00ed podnik atraktivn\u00edho \u010cesk\u00e9ho poh\u00e1ru tandem\u016f www.caths.cz 2011.<\/p>\n<p> 22.4. se setkaj\u00ed st\u0159elci na sv\u00e9m prvn\u00edm kole \u010cesk\u00e9ho poh\u00e1ru a i zde je mnoho zaj\u00edmav\u00fdch ot\u00e1zek. M\u00e1 n\u011bkdo z \u010desk\u00e9 \u0161pi\u010dky v\u00fdkonnost pro nominaci na LPH v Lond\u00fdn\u011b?! Tato sez\u00f3na bude rozhoduj\u00edc\u00ed a \u00favodn\u00ed z\u00e1vod n\u00e1m v mnoh\u00e9m napov\u00ed. <\/p>\n<p> <img decoding=\"async\" src=\"\/wordpress\/image\/k_clankum\/duben_1.jpg\" ALIGN=\"right\" HSPACE=5 VSPACE=5\"> Kdo by od vodn\u00edch sport\u016f, koncem dubna, \u010dekal akci typu Odemyk\u00e1n\u00ed \u0159ek a rybn\u00edk\u016f, \u010di podobn\u00e9 zah\u00e1jen\u00ed sez\u00f3ny, m\u00fdl\u00ed se. Na\u0161i jachta\u0159i velmi piln\u011b a poctiv\u011b tr\u00e9nuj\u00ed a ve dnech 23 \u2013 25.4. se st\u0159etnou v Nov\u00fdch Ml\u00fdnech v souboji o titul Mistra \u010cesk\u00e9 republiky. Mo\u017en\u00e1 se div\u00edte, ale sv\u011btov\u00e1 jachta\u0159sk\u00e1 sez\u00f3na se naplno rozb\u011bhne u\u017e t\u00fdden pot\u00e9, \u00favodn\u00edm podnikem sv\u011btov\u00e9ho poh\u00e1ru na Mallorce. A na\u0161\u00ed jacht\u011b jde opravdu o hodn\u011b. Je toti\u017e ve h\u0159e o nomina\u010dn\u00ed m\u00edsto na LPH v Lond\u00fdn\u011b. <\/p>\n<p> A do &#8222;hry&#8220; vstoup\u00ed tak\u00e9 na\u0161e plaveck\u00e1 reprezentace. Od 28. dubna ji toti\u017e \u010dek\u00e1 popul\u00e1rn\u00ed German Open a tedy porovn\u00e1n\u00ed v\u00fdkonnosti s absolutn\u00ed sv\u011btovou \u0161pi\u010dkou.<\/p>\n<p> Je jist\u00e9, \u017ee www.caths.cz bude u v\u0161eho d\u011bn\u00ed, tak\u017ee sledujte spolu s n\u00e1mi, jak se bude da\u0159it na\u0161im sportovc\u016fm. <\/p>\n","protected":false},"excerpt":{"rendered":"<a href=\"https:\/\/www.caths.cz\/wordpress\/strelba-po-handbike-s-cyklistikou-pak-jachting-na-rybniku-ve-mlyne-a-plavani-v-nemecku\/\"><img loading=\"lazy\" decoding=\"async\" width=\"100\" height=\"100\" src=\"https:\/\/www.caths.cz\/wordpress\/wp-content\/plugins\/thumbnail-for-excerpts\/tfe_no_thumb.png\" class=\"alignleft wp-post-image tfe\" alt=\"\" title=\"\" \/><\/a><p>Tot\u00e1ln\u00ed blbost, mysl\u00edte si, \u017ee jo?! Ale v\u016fbec ne, to je m\u011bs\u00edc duben z pohledu kalend\u00e1\u0159e sportovn\u00edho fanou\u0161ka! Duben a sport handicapovan\u00fdch, za\u010dne velmi rozv\u00e1\u017en\u011b, nicm\u00e9n\u011b v z\u00e1v\u011bru m\u011bs\u00edce se [&hellip;]<\/p>\n","protected":false},"author":1,"featured_media":0,"comment_status":"closed","ping_status":"closed","sticky":false,"template":"","format":"standard","meta":{"ngg_post_thumbnail":0,"footnotes":""},"categories":[6],"tags":[],"class_list":["post-1843","post","type-post","status-publish","format-standard","hentry","category-caths-info"],"_links":{"self":[{"href":"https:\/\/www.caths.cz\/wordpress\/wp-json\/wp\/v2\/posts\/1843","targetHints":{"allow":["GET"]}}],"collection":[{"href":"https:\/\/www.caths.cz\/wordpress\/wp-json\/wp\/v2\/posts"}],"about":[{"href":"https:\/\/www.caths.cz\/wordpress\/wp-json\/wp\/v2\/types\/post"}],"author":[{"embeddable":true,"href":"https:\/\/www.caths.cz\/wordpress\/wp-json\/wp\/v2\/users\/1"}],"replies":[{"embeddable":true,"href":"https:\/\/www.caths.cz\/wordpress\/wp-json\/wp\/v2\/comments?post=1843"}],"version-history":[{"count":0,"href":"https:\/\/www.caths.cz\/wordpress\/wp-json\/wp\/v2\/posts\/1843\/revisions"}],"wp:attachment":[{"href":"https:\/\/www.caths.cz\/wordpress\/wp-json\/wp\/v2\/media?parent=1843"}],"wp:term":[{"taxonomy":"category","embeddable":true,"href":"https:\/\/www.caths.cz\/wordpress\/wp-json\/wp\/v2\/categories?post=1843"},{"taxonomy":"post_tag","embeddable":true,"href":"https:\/\/www.caths.cz\/wordpress\/wp-json\/wp\/v2\/tags?post=1843"}],"curies":[{"name":"wp","href":"https:\/\/api.w.org\/{rel}","templated":true}]}}