{"id":1841,"date":"2011-04-05T03:44:12","date_gmt":"2011-04-05T02:44:12","guid":{"rendered":"http:\/\/www.caths.cz\/wordpress\/?p=1841"},"modified":"2011-04-05T03:44:12","modified_gmt":"2011-04-05T02:44:12","slug":"cyklista-jirka-jezek-vymenil-kolo-za-bezecke-boty","status":"publish","type":"post","link":"https:\/\/www.caths.cz\/wordpress\/cyklista-jirka-jezek-vymenil-kolo-za-bezecke-boty\/","title":{"rendered":"Cyklista Jirka Je\u017eek vym\u011bnil kolo za b\u011b\u017eeck\u00e9 boty"},"content":{"rendered":"<p align=\"justify\">\nV sobotu se v centru Prahy b\u011b\u017eel  tradi\u010dn\u00ed Hervis &#189; maraton. V n\u00e1dhern\u00e9m l\u00e9to p\u0159ipom\u00ednaj\u00edc\u00edm po\u010das\u00ed se se\u0161lo na startu z\u00e1vodu t\u00e9m\u011b\u0159 deset tis\u00edc b\u011b\u017ec\u016f. Krom\u011b elitn\u00edch b\u011b\u017ec\u016f a \u0161irok\u00e9 b\u011b\u017eeck\u00e9 ve\u0159ejnosti se ve startovn\u00edm poli objevil i \u010derstv\u00fd Mistr sv\u011bta v dr\u00e1hov\u00e9m st\u00edhac\u00edm z\u00e1vod\u011b, cyklista Ji\u0159\u00ed Je\u017eek.<\/p>\n<p align=\"justify\"> Jirka si nechal na z\u00e1vod speci\u00e1ln\u011b upravit prot\u00e9zu a jeho c\u00edlem bylo v 21 kilometrov\u00e9m b\u011bhu poko\u0159it hranici 2 hodin. To se mu nakonec v n\u00e1ro\u010dn\u00e9m z\u00e1vod\u011b poda\u0159ilo a zab\u011bhl \u010das 1:50:31, co\u017e je \u00fa\u017easn\u00fd v\u00fdkon vzhledem k tomu, \u017ee Jirka je\u0161t\u011b v prvn\u00ed polovin\u011b b\u0159ezna \u00fasp\u011b\u0161n\u011b startoval na mistrovstv\u00ed sv\u011bta v dr\u00e1hov\u00e9 cyklistice. <\/p>\n<p> <img decoding=\"async\" src=\"\/wordpress\/image\/k_clankum\/pulmaraton2011\/pim2011 180.jpg\"><\/p>\n<p> <img decoding=\"async\" src=\"\/wordpress\/image\/k_clankum\/pulmaraton2011\/pim2011 245.jpg\"><\/p>\n<p> <img decoding=\"async\" src=\"\/wordpress\/image\/k_clankum\/pulmaraton2011\/pim2011 268.jpg\"><\/p>\n<p> <img decoding=\"async\" src=\"\/wordpress\/image\/k_clankum\/pulmaraton2011\/pim2011 630.jpg\"><\/p>\n<p> <img decoding=\"async\" src=\"\/wordpress\/image\/k_clankum\/pulmaraton2011\/pim2011 1043.jpg\"><\/p>\n<p> <img decoding=\"async\" src=\"\/wordpress\/image\/k_clankum\/pulmaraton2011\/pim2011 1196.jpg\"><\/p>\n","protected":false},"excerpt":{"rendered":"<a href=\"https:\/\/www.caths.cz\/wordpress\/cyklista-jirka-jezek-vymenil-kolo-za-bezecke-boty\/\"><img loading=\"lazy\" decoding=\"async\" width=\"100\" height=\"100\" src=\"https:\/\/www.caths.cz\/wordpress\/wp-content\/plugins\/thumbnail-for-excerpts\/tfe_no_thumb.png\" class=\"alignleft wp-post-image tfe\" alt=\"\" title=\"\" \/><\/a><p>V sobotu se v centru Prahy b\u011b\u017eel tradi\u010dn\u00ed Hervis &#189; maraton. V n\u00e1dhern\u00e9m l\u00e9to p\u0159ipom\u00ednaj\u00edc\u00edm po\u010das\u00ed se se\u0161lo na startu z\u00e1vodu t\u00e9m\u011b\u0159 deset tis\u00edc b\u011b\u017ec\u016f. Krom\u011b elitn\u00edch b\u011b\u017ec\u016f a \u0161irok\u00e9 [&hellip;]<\/p>\n","protected":false},"author":1,"featured_media":0,"comment_status":"closed","ping_status":"closed","sticky":false,"template":"","format":"standard","meta":{"ngg_post_thumbnail":0,"footnotes":""},"categories":[2],"tags":[],"class_list":["post-1841","post","type-post","status-publish","format-standard","hentry","category-cyklistika"],"_links":{"self":[{"href":"https:\/\/www.caths.cz\/wordpress\/wp-json\/wp\/v2\/posts\/1841","targetHints":{"allow":["GET"]}}],"collection":[{"href":"https:\/\/www.caths.cz\/wordpress\/wp-json\/wp\/v2\/posts"}],"about":[{"href":"https:\/\/www.caths.cz\/wordpress\/wp-json\/wp\/v2\/types\/post"}],"author":[{"embeddable":true,"href":"https:\/\/www.caths.cz\/wordpress\/wp-json\/wp\/v2\/users\/1"}],"replies":[{"embeddable":true,"href":"https:\/\/www.caths.cz\/wordpress\/wp-json\/wp\/v2\/comments?post=1841"}],"version-history":[{"count":0,"href":"https:\/\/www.caths.cz\/wordpress\/wp-json\/wp\/v2\/posts\/1841\/revisions"}],"wp:attachment":[{"href":"https:\/\/www.caths.cz\/wordpress\/wp-json\/wp\/v2\/media?parent=1841"}],"wp:term":[{"taxonomy":"category","embeddable":true,"href":"https:\/\/www.caths.cz\/wordpress\/wp-json\/wp\/v2\/categories?post=1841"},{"taxonomy":"post_tag","embeddable":true,"href":"https:\/\/www.caths.cz\/wordpress\/wp-json\/wp\/v2\/tags?post=1841"}],"curies":[{"name":"wp","href":"https:\/\/api.w.org\/{rel}","templated":true}]}}