{"id":1838,"date":"2011-04-01T08:54:59","date_gmt":"2011-04-01T07:54:59","guid":{"rendered":"http:\/\/www.caths.cz\/wordpress\/?p=1838"},"modified":"2011-04-01T08:54:59","modified_gmt":"2011-04-01T07:54:59","slug":"zprava-daniela-biny-z-treningoveho-kempu-ve-spanelske-valencii","status":"publish","type":"post","link":"https:\/\/www.caths.cz\/wordpress\/zprava-daniela-biny-z-treningoveho-kempu-ve-spanelske-valencii\/","title":{"rendered":"Zpr\u00e1va Daniela B\u00edny z tr\u00e9ningov\u00e9ho kempu ve \u0161pan\u011blsk\u00e9 Valencii"},"content":{"rendered":"<p align=\"justify\">\nDne 23. \u00fanora skon\u010dil tr\u00e9ninkov\u00fd kemp holandsk\u00e9 a \u0161pan\u011blsk\u00e9 reprezentace a j\u00e1 m\u011bl to \u0161t\u011bst\u00ed se jej tak\u00e9 z\u00fa\u010dastnit. Kempu se \u00fa\u010dastnily, mimo jin\u00e9, t\u0159i lod\u011b z prvn\u00ed des\u00edtky sv\u011btov\u00e9ho poh\u00e1ru, v\u010detn\u011b \u00fa\u0159aduj\u00edc\u00edho mistra sv\u011bta Thierryho Schmittera. Skl\u00e1dal se ze t\u0159\u00ed \u010d\u00e1st\u00ed, a to 6.-15. \u00fanora, 22. \u00fanora a kone\u010dn\u011b 17.-23. b\u0159ezna.<\/p>\n<p align=\"justify\"> Prvn\u00ed \u010d\u00e1st kempu byla zam\u011b\u0159ena na taktickou str\u00e1nku. Bohu\u017eel, za v\u011btru sp\u00ed\u0161e slab\u0161\u00edho. Na druhou stranu mi tyto podm\u00ednky vysloven\u011b sed\u011bly a j\u00e1 se mohl pln\u011b v\u011bnovat dobru\u0161ov\u00e1n\u00ed technick\u00fdch detail\u016f a taktick\u00e9 p\u0159\u00edprav\u011b.<br \/> I druh\u00e9 \u010d\u00e1sti vl\u00e1dl v\u00edtr slab\u0161\u00ed s ob\u010dasn\u00fdm p\u0159echodem k v\u011btru siln\u011bj\u0161\u00edmu. Tato \u010d\u00e1st byla v\u011bnov\u00e1na rychlostn\u00edm test\u016fm. Zde se uk\u00e1zal probl\u00e9m se stoupavost\u00ed v siln\u011bj\u0161\u00edm v\u011btru. Bohu\u017eel, celkov\u011b podpr\u016fm\u011brn\u00e1 s\u00edla v\u011btru znemo\u017enila se tomuto probl\u00e9mu soustavn\u011b v\u011bnovat.<br \/> \u010c\u00e1sti t\u0159et\u00ed vl\u00e1dl opravdu v\u00edtr. V\u00fdchodn\u00ed v\u00edtr s maximem dosahuj\u00edc\u00edm a\u017e 15m\/s tla\u010dil p\u0159ed sebou mohutn\u00e9 vlny, vysok\u00e9 hodn\u011b p\u0159es 2 metry. V t\u011bchto extr\u00e9mn\u00edch podm\u00ednk\u00e1ch jsem pracoval na surfov\u00e1n\u00ed po vln\u00e1ch, ob\u010das p\u0159opom\u00ednaj\u00edc\u00edch mal\u00e9 domky.<br \/> Nyn\u00ed m\u011b \u010dek\u00e1 p\u0159esun na Mallorku na Princess Sofia Throphy, kter\u00e1 je sou\u010d\u00e1st\u00ed sv\u011btov\u00e9ho poh\u00e1ru a kde, jak pevn\u011b v\u011b\u0159\u00edm, si ov\u011b\u0159\u00edm, \u017ee m\u016fj dobr\u00fd pocit z absolvovan\u00e9ho tr\u00e9ninku nen\u00ed klamn\u00fd.<\/p>\n<p> <img decoding=\"async\" src=\"\/wordpress\/image\/k_clankum\/jacht_kemp.jpg\"><\/p>\n","protected":false},"excerpt":{"rendered":"<a href=\"https:\/\/www.caths.cz\/wordpress\/zprava-daniela-biny-z-treningoveho-kempu-ve-spanelske-valencii\/\"><img loading=\"lazy\" decoding=\"async\" width=\"100\" height=\"100\" src=\"https:\/\/www.caths.cz\/wordpress\/wp-content\/plugins\/thumbnail-for-excerpts\/tfe_no_thumb.png\" class=\"alignleft wp-post-image tfe\" alt=\"\" title=\"\" \/><\/a><p>Dne 23. \u00fanora skon\u010dil tr\u00e9ninkov\u00fd kemp holandsk\u00e9 a \u0161pan\u011blsk\u00e9 reprezentace a j\u00e1 m\u011bl to \u0161t\u011bst\u00ed se jej tak\u00e9 z\u00fa\u010dastnit. Kempu se \u00fa\u010dastnily, mimo jin\u00e9, t\u0159i lod\u011b z prvn\u00ed des\u00edtky sv\u011btov\u00e9ho [&hellip;]<\/p>\n","protected":false},"author":1,"featured_media":0,"comment_status":"closed","ping_status":"closed","sticky":false,"template":"","format":"standard","meta":{"ngg_post_thumbnail":0,"footnotes":""},"categories":[11],"tags":[],"class_list":["post-1838","post","type-post","status-publish","format-standard","hentry","category-jachting"],"_links":{"self":[{"href":"https:\/\/www.caths.cz\/wordpress\/wp-json\/wp\/v2\/posts\/1838","targetHints":{"allow":["GET"]}}],"collection":[{"href":"https:\/\/www.caths.cz\/wordpress\/wp-json\/wp\/v2\/posts"}],"about":[{"href":"https:\/\/www.caths.cz\/wordpress\/wp-json\/wp\/v2\/types\/post"}],"author":[{"embeddable":true,"href":"https:\/\/www.caths.cz\/wordpress\/wp-json\/wp\/v2\/users\/1"}],"replies":[{"embeddable":true,"href":"https:\/\/www.caths.cz\/wordpress\/wp-json\/wp\/v2\/comments?post=1838"}],"version-history":[{"count":0,"href":"https:\/\/www.caths.cz\/wordpress\/wp-json\/wp\/v2\/posts\/1838\/revisions"}],"wp:attachment":[{"href":"https:\/\/www.caths.cz\/wordpress\/wp-json\/wp\/v2\/media?parent=1838"}],"wp:term":[{"taxonomy":"category","embeddable":true,"href":"https:\/\/www.caths.cz\/wordpress\/wp-json\/wp\/v2\/categories?post=1838"},{"taxonomy":"post_tag","embeddable":true,"href":"https:\/\/www.caths.cz\/wordpress\/wp-json\/wp\/v2\/tags?post=1838"}],"curies":[{"name":"wp","href":"https:\/\/api.w.org\/{rel}","templated":true}]}}