{"id":1837,"date":"2011-03-31T16:07:43","date_gmt":"2011-03-31T15:07:43","guid":{"rendered":"http:\/\/www.caths.cz\/wordpress\/?p=1837"},"modified":"2011-03-31T16:07:43","modified_gmt":"2011-03-31T15:07:43","slug":"poradatele-zverejnili-propozice-na-nutrend-specialized-king-of-prague-mtb-2011","status":"publish","type":"post","link":"https:\/\/www.caths.cz\/wordpress\/poradatele-zverejnili-propozice-na-nutrend-specialized-king-of-prague-mtb-2011\/","title":{"rendered":"Po\u0159adatel\u00e9 zve\u0159ejnili propozice na NUTREND SPECIALIZED King of Prague MTB 2011"},"content":{"rendered":"<p align=\"justify\">\nZ\u00e1vod je vyps\u00e1n pro v\u0161echny kategorie cyklist\u016f, v\u010detn\u011b cyklist\u016f handicapovan\u00fdch, pro kter\u00e9 bude akce z\u00e1rove\u0148 i \u00favodn\u00edm podnikem \u010cesk\u00e9ho poh\u00e1ru MTB handicapovan\u00fdch cyklist\u016f 2011.<\/p>\n<p align=\"justify\"> Zaj\u00edmavost\u00ed je, \u017ee pro \u010dleny pra\u017esk\u00fdch odd\u00edl\u016f je z\u00e1vod vyps\u00e1n i jako Mistrovstv\u00ed Prahy v\u0161ech vypsan\u00fdch kategori\u00ed.<br \/> Z\u00e1vod je p\u0159\u00edmo propojen s podzimn\u00edm Pra\u017esk\u00fdm cyklokrosem (13.11.2011) v r\u00e1mci PRAGUE CYCLING TOUR.<br \/> To znamen\u00e1, \u017ee v\u00fdsledky obou z\u00e1vod\u016f se budou s\u010d\u00edtat a v\u00edt\u011bzov\u00e9 jednotliv\u00fdch kategori\u00ed se tak stanou opravdov\u00fdmi cyklistick\u00fdmi kr\u00e1li na\u0161eho hlavn\u00edho m\u011bsta. <\/p>\n<p> Po\u0159adatelem t\u00e9to integra\u010dn\u00ed sportovn\u00ed akce pro nej\u0161ir\u0161\u00ed ve\u0159ejnost, kterou na\u0161e hlavn\u00ed m\u011bsto a\u017e doposud postr\u00e1dalo, je SK Handicapovan\u00fdch cyklist\u016f Praha, provozovatel z\u00e1vodn\u00edho t\u00fdmu NUTREND SPECIALIZED Cycling. <\/p>\n<p> <strong>Propozice ke sta\u017een\u00ed <a href=\"http:\/\/www.caths.cz\/storage\/cyklistika\/propozice King of Prague MTB 2011_s mapou_2.pdf\" target=\"_blank\"> ZDE<\/a><\/strong><\/p>\n","protected":false},"excerpt":{"rendered":"<a href=\"https:\/\/www.caths.cz\/wordpress\/poradatele-zverejnili-propozice-na-nutrend-specialized-king-of-prague-mtb-2011\/\"><img loading=\"lazy\" decoding=\"async\" width=\"100\" height=\"100\" src=\"https:\/\/www.caths.cz\/wordpress\/wp-content\/plugins\/thumbnail-for-excerpts\/tfe_no_thumb.png\" class=\"alignleft wp-post-image tfe\" alt=\"\" title=\"\" \/><\/a><p>Z\u00e1vod je vyps\u00e1n pro v\u0161echny kategorie cyklist\u016f, v\u010detn\u011b cyklist\u016f handicapovan\u00fdch, pro kter\u00e9 bude akce z\u00e1rove\u0148 i \u00favodn\u00edm podnikem \u010cesk\u00e9ho poh\u00e1ru MTB handicapovan\u00fdch cyklist\u016f 2011. Zaj\u00edmavost\u00ed je, \u017ee pro \u010dleny pra\u017esk\u00fdch [&hellip;]<\/p>\n","protected":false},"author":1,"featured_media":0,"comment_status":"closed","ping_status":"closed","sticky":false,"template":"","format":"standard","meta":{"ngg_post_thumbnail":0,"footnotes":""},"categories":[2],"tags":[],"class_list":["post-1837","post","type-post","status-publish","format-standard","hentry","category-cyklistika"],"_links":{"self":[{"href":"https:\/\/www.caths.cz\/wordpress\/wp-json\/wp\/v2\/posts\/1837","targetHints":{"allow":["GET"]}}],"collection":[{"href":"https:\/\/www.caths.cz\/wordpress\/wp-json\/wp\/v2\/posts"}],"about":[{"href":"https:\/\/www.caths.cz\/wordpress\/wp-json\/wp\/v2\/types\/post"}],"author":[{"embeddable":true,"href":"https:\/\/www.caths.cz\/wordpress\/wp-json\/wp\/v2\/users\/1"}],"replies":[{"embeddable":true,"href":"https:\/\/www.caths.cz\/wordpress\/wp-json\/wp\/v2\/comments?post=1837"}],"version-history":[{"count":0,"href":"https:\/\/www.caths.cz\/wordpress\/wp-json\/wp\/v2\/posts\/1837\/revisions"}],"wp:attachment":[{"href":"https:\/\/www.caths.cz\/wordpress\/wp-json\/wp\/v2\/media?parent=1837"}],"wp:term":[{"taxonomy":"category","embeddable":true,"href":"https:\/\/www.caths.cz\/wordpress\/wp-json\/wp\/v2\/categories?post=1837"},{"taxonomy":"post_tag","embeddable":true,"href":"https:\/\/www.caths.cz\/wordpress\/wp-json\/wp\/v2\/tags?post=1837"}],"curies":[{"name":"wp","href":"https:\/\/api.w.org\/{rel}","templated":true}]}}