{"id":1836,"date":"2011-03-31T09:22:31","date_gmt":"2011-03-31T08:22:31","guid":{"rendered":"http:\/\/www.caths.cz\/wordpress\/?p=1836"},"modified":"2011-03-31T09:22:31","modified_gmt":"2011-03-31T08:22:31","slug":"tiskova-konference-michala-starka","status":"publish","type":"post","link":"https:\/\/www.caths.cz\/wordpress\/tiskova-konference-michala-starka\/","title":{"rendered":"Tiskov\u00e1 konference Michala Starka"},"content":{"rendered":"<p align=\"justify\">Ve st\u0159edu 23. b\u0159ezna 2011 prob\u011bhla v restauraci Gusto, za hojn\u00e9 \u00fa\u010dasti m\u00e9di\u00ed tiskov\u00e1 konference Michala Starka a jeho partner\u016f. Hlavn\u00edm t\u00e9matem bylo pr\u00e1v\u011b skon\u010den\u00e9 mistrovstv\u00ed sv\u011bta v dr\u00e1hov\u00e9 paracyklistice, d\u00e1le pak Michalovy pl\u00e1ny sm\u011brem k paralympi\u00e1d\u011b v Lond\u00fdn\u011b 2012 a prezentace partner\u016f.<\/p>\n<p align=\"justify\"> Michal zm\u00ednil n\u00e1ro\u010dnou p\u0159\u00edpravu i skv\u011blou atmosf\u00e9ru v reprezenta\u010dn\u00edm t\u00fdmu t\u011blesn\u011b a zrakov\u011b posti\u017een\u00fdch cyklist\u016f, se kter\u00fdm tr\u00e1v\u00ed hlavn\u00ed \u010d\u00e1st sez\u00f3ny. <\/p>\n<p> <img decoding=\"async\" src=\"\/wordpress\/image\/k_clankum\/stark_tiskovka.jpg\"><\/p>\n","protected":false},"excerpt":{"rendered":"<a href=\"https:\/\/www.caths.cz\/wordpress\/tiskova-konference-michala-starka\/\"><img loading=\"lazy\" decoding=\"async\" width=\"100\" height=\"100\" src=\"https:\/\/www.caths.cz\/wordpress\/wp-content\/plugins\/thumbnail-for-excerpts\/tfe_no_thumb.png\" class=\"alignleft wp-post-image tfe\" alt=\"\" title=\"\" \/><\/a><p>Ve st\u0159edu 23. b\u0159ezna 2011 prob\u011bhla v restauraci Gusto, za hojn\u00e9 \u00fa\u010dasti m\u00e9di\u00ed tiskov\u00e1 konference Michala Starka a jeho partner\u016f. Hlavn\u00edm t\u00e9matem bylo pr\u00e1v\u011b skon\u010den\u00e9 mistrovstv\u00ed sv\u011bta v dr\u00e1hov\u00e9 paracyklistice, [&hellip;]<\/p>\n","protected":false},"author":1,"featured_media":0,"comment_status":"closed","ping_status":"closed","sticky":false,"template":"","format":"standard","meta":{"ngg_post_thumbnail":0,"footnotes":""},"categories":[2],"tags":[],"class_list":["post-1836","post","type-post","status-publish","format-standard","hentry","category-cyklistika"],"_links":{"self":[{"href":"https:\/\/www.caths.cz\/wordpress\/wp-json\/wp\/v2\/posts\/1836","targetHints":{"allow":["GET"]}}],"collection":[{"href":"https:\/\/www.caths.cz\/wordpress\/wp-json\/wp\/v2\/posts"}],"about":[{"href":"https:\/\/www.caths.cz\/wordpress\/wp-json\/wp\/v2\/types\/post"}],"author":[{"embeddable":true,"href":"https:\/\/www.caths.cz\/wordpress\/wp-json\/wp\/v2\/users\/1"}],"replies":[{"embeddable":true,"href":"https:\/\/www.caths.cz\/wordpress\/wp-json\/wp\/v2\/comments?post=1836"}],"version-history":[{"count":0,"href":"https:\/\/www.caths.cz\/wordpress\/wp-json\/wp\/v2\/posts\/1836\/revisions"}],"wp:attachment":[{"href":"https:\/\/www.caths.cz\/wordpress\/wp-json\/wp\/v2\/media?parent=1836"}],"wp:term":[{"taxonomy":"category","embeddable":true,"href":"https:\/\/www.caths.cz\/wordpress\/wp-json\/wp\/v2\/categories?post=1836"},{"taxonomy":"post_tag","embeddable":true,"href":"https:\/\/www.caths.cz\/wordpress\/wp-json\/wp\/v2\/tags?post=1836"}],"curies":[{"name":"wp","href":"https:\/\/api.w.org\/{rel}","templated":true}]}}