{"id":1834,"date":"2011-03-29T00:10:13","date_gmt":"2011-03-28T23:10:13","guid":{"rendered":"http:\/\/www.caths.cz\/wordpress\/?p=1834"},"modified":"2011-03-29T00:10:13","modified_gmt":"2011-03-28T23:10:13","slug":"nominacni-kriteria-statni-reprezentace-handbike-na-rok-2011","status":"publish","type":"post","link":"https:\/\/www.caths.cz\/wordpress\/nominacni-kriteria-statni-reprezentace-handbike-na-rok-2011\/","title":{"rendered":"Nomina\u010dn\u00ed krit\u00e9ria st\u00e1tn\u00ed reprezentace HANDBIKE na rok 2011"},"content":{"rendered":"<p align=\"justify\">\nReprezenta\u010dn\u00ed tren\u00e9r t\u011blesn\u011b a zrakov\u011b posti\u017een\u00fdch cyklist\u016f Viktor Zapletal zve\u0159ejnil nomina\u010dn\u00ed krit\u00e9ria k \u00fa\u010dasti na MS a SP pro handbike na rok 2011.\n<\/p>\n<p align=\"justify\"> Jsou velmi jednoduch\u00e1, adepti na reprezenta\u010dn\u00ed dres mus\u00ed zcela spl\u0148ovat statut reprezentanta \u010cATHS a m\u00edt odpov\u00eddaj\u00edc\u00ed v\u00fdkonnost. Tu mohou prok\u00e1zat na v\u0161ech vypsan\u00fdch z\u00e1vodech EHC \u010di Evropsk\u00e9ho poh\u00e1ru. <br \/> Jen dopl\u0148kov\u011b bude p\u0159ihl\u00ed\u017eeno k v\u00fdsledk\u016fm na \u010cP handbike. Ty budou d\u016fle\u017eit\u00e9 a\u017e v p\u0159\u00edpad\u011b toto\u017en\u00fdch v\u00fdkon\u016f dvou z\u00e1vodn\u00edk\u016f a tedy nomina\u010dn\u00ed kolize.<\/p>\n<p> <img decoding=\"async\" src=\"\/wordpress\/image\/k_clankum\/kr211_1.jpg\" ALIGN=\"right\" HSPACE=5 VSPACE=5\"> Reprezenta\u010dn\u00ed tren\u00e9r m\u00e1 v \u00famyslu nominovat na MS v D\u00e1nsku minim\u00e1ln\u011b dva handbikery, v optim\u00e1ln\u00edm p\u0159\u00edpad\u011b pak t\u0159i a\u017e \u010dty\u0159i a poprv\u00e9 v historii \u010desk\u00e9ho handbike p\u0159ihl\u00e1sit \u010desk\u00fd t\u00fdm do atraktivn\u00edho z\u00e1vodu \u0161tafet.<\/p>\n<p> Vzhledem k faktu, \u017ee se v lo\u0148sk\u00e9m roce nikomu nepoda\u0159ilo v\u00fdrazn\u011bji prosadit na mezin\u00e1rodn\u00edm poli, maj\u00ed v\u0161ichni jezdci \u00fapln\u011b stejnou &#8222;startovn\u00ed pozici&#8220;.<\/p>\n<p> Z\u00e1vodn\u00edk\u016fm \u010cATHS, kte\u0159\u00ed se v z\u00e1vodech EHC \u010di EP um\u00edst\u00ed do osm\u00e9ho m\u00edsta a budou v prvn\u00ed polovin\u011b startovn\u00edho pole (p\u0159\u00edklad: min. 8. m\u00edsto ze 17 startuj\u00edc\u00edch), budou zp\u011btn\u011b proplaceny n\u00e1klady na cestovn\u00e9 a ubytov\u00e1n\u00ed spojen\u00e9 se z\u00e1vodem. <\/p>\n<p><img decoding=\"async\" src=\"\/wordpress\/image\/k_clankum\/kr211_2.jpg\" ALIGN=\"right\" HSPACE=5 VSPACE=5\"><em> &#8222;Pot\u0159ebujeme dostat alespo\u0148 jeden handbike do Lond\u00fdna na LPH, v\u011b\u0159\u00edm, \u017ee pro to kluci ud\u011blaj\u00ed maximum. Douf\u00e1m a moc si p\u0159eji, aby se letos n\u011bkomu poda\u0159ilo p\u0159ibl\u00ed\u017eit se ke sv\u011btov\u00e9 \u0161pi\u010dce a p\u0159ekonat onu magickou hranici osm\u00e9ho m\u00edsta a prvn\u00ed poloviny startovn\u00edho pole ve v\u00fdsledkov\u00e9 listin\u011b. <br \/> Sou\u010dasn\u00e1 \u00farove\u0148 sv\u011btov\u00e9ho pelotonu handbike je stoprocentn\u011b profesion\u00e1ln\u00ed. Po v\u0161ech sm\u011brech. Tento trend nastartoval svou p\u00edl\u00ed, v\u00fdkonnost\u00ed a p\u0159\u00edstupem Marcel Pipek a te\u010f paradoxn\u011b pr\u00e1v\u011b my m\u00e1me pot\u00ed\u017ee udr\u017eet krok. Nicm\u00e9n\u011b, tak to maj\u00ed i ostatn\u00ed kategorie cyklistiky handicapovan\u00fdch, je to nevyhnuteln\u00fd v\u00fdvoj, v\u00fdjimku v sou\u010dasn\u00e9 situaci tvo\u0159\u00ed jen tricykly v kategorii \u017een.<br \/> V sou\u010dasn\u00e9 dob\u011b m\u00e1me n\u011bkolik v\u00fdrazn\u00fdch talent\u016f pro handbike, kte\u0159\u00e9 maj\u00ed p\u0159edpoklady bojovat o um\u00edst\u011bn\u00ed v prvn\u00ed sv\u011btov\u00e9 des\u00edtce. Moc bych si p\u0159\u00e1l, abych na konci nomina\u010dn\u00edho obdob\u00ed nemusel \u0159e\u0161it ot\u00e1zku, jestli v\u016fbec n\u011bkoho nominovat na MS, ale abych sp\u00ed\u0161e hledal odpov\u011b\u010f, jak zajist\u00edme prost\u0159edky pro po\u010detn\u00fd t\u00fdm handbiker\u016f, kter\u00fd se bez probl\u00e9m\u016f nominoval na MS.<\/em> up\u0159es\u0148uje nomina\u010dn\u00ed krit\u00e9ria reprezenta\u010dn\u00ed tren\u00e9r Viktor Zapletal. <\/p>\n","protected":false},"excerpt":{"rendered":"<a href=\"https:\/\/www.caths.cz\/wordpress\/nominacni-kriteria-statni-reprezentace-handbike-na-rok-2011\/\"><img loading=\"lazy\" decoding=\"async\" width=\"100\" height=\"100\" src=\"https:\/\/www.caths.cz\/wordpress\/wp-content\/plugins\/thumbnail-for-excerpts\/tfe_no_thumb.png\" class=\"alignleft wp-post-image tfe\" alt=\"\" title=\"\" \/><\/a><p>Reprezenta\u010dn\u00ed tren\u00e9r t\u011blesn\u011b a zrakov\u011b posti\u017een\u00fdch cyklist\u016f Viktor Zapletal zve\u0159ejnil nomina\u010dn\u00ed krit\u00e9ria k \u00fa\u010dasti na MS a SP pro handbike na rok 2011. Jsou velmi jednoduch\u00e1, adepti na reprezenta\u010dn\u00ed dres [&hellip;]<\/p>\n","protected":false},"author":1,"featured_media":0,"comment_status":"closed","ping_status":"closed","sticky":false,"template":"","format":"standard","meta":{"ngg_post_thumbnail":0,"footnotes":""},"categories":[9],"tags":[],"class_list":["post-1834","post","type-post","status-publish","format-standard","hentry","category-handbike"],"_links":{"self":[{"href":"https:\/\/www.caths.cz\/wordpress\/wp-json\/wp\/v2\/posts\/1834","targetHints":{"allow":["GET"]}}],"collection":[{"href":"https:\/\/www.caths.cz\/wordpress\/wp-json\/wp\/v2\/posts"}],"about":[{"href":"https:\/\/www.caths.cz\/wordpress\/wp-json\/wp\/v2\/types\/post"}],"author":[{"embeddable":true,"href":"https:\/\/www.caths.cz\/wordpress\/wp-json\/wp\/v2\/users\/1"}],"replies":[{"embeddable":true,"href":"https:\/\/www.caths.cz\/wordpress\/wp-json\/wp\/v2\/comments?post=1834"}],"version-history":[{"count":0,"href":"https:\/\/www.caths.cz\/wordpress\/wp-json\/wp\/v2\/posts\/1834\/revisions"}],"wp:attachment":[{"href":"https:\/\/www.caths.cz\/wordpress\/wp-json\/wp\/v2\/media?parent=1834"}],"wp:term":[{"taxonomy":"category","embeddable":true,"href":"https:\/\/www.caths.cz\/wordpress\/wp-json\/wp\/v2\/categories?post=1834"},{"taxonomy":"post_tag","embeddable":true,"href":"https:\/\/www.caths.cz\/wordpress\/wp-json\/wp\/v2\/tags?post=1834"}],"curies":[{"name":"wp","href":"https:\/\/api.w.org\/{rel}","templated":true}]}}