{"id":1819,"date":"2011-03-16T00:08:31","date_gmt":"2011-03-15T23:08:31","guid":{"rendered":"http:\/\/www.caths.cz\/wordpress\/?p=1819"},"modified":"2011-03-16T00:08:31","modified_gmt":"2011-03-15T23:08:31","slug":"je-profesionalizace-sportu-handicapovanych-nevyhnutelna","status":"publish","type":"post","link":"https:\/\/www.caths.cz\/wordpress\/je-profesionalizace-sportu-handicapovanych-nevyhnutelna\/","title":{"rendered":"Je profesionalizace sportu handicapovan\u00fdch nevyhnuteln\u00e1?"},"content":{"rendered":"<p align=\"justify\"> Paracyklistika, stoln\u00ed tenis \u010di lukost\u0159elba jsou sporty, kter\u00e9 p\u0159\u00edmo nespadaj\u00ed pod strategii a administrativu IPC, ale pod konkr\u00e9tn\u00ed mezin\u00e1rodn\u00ed federace. UCI, ITTF nebo FITA. <br \/> V\u00fdsledkem tohoto je zcela jasn\u00e1 koncepce sportu, p\u0159esn\u011b kop\u00edruj\u00edc\u00ed metodiku jednotliv\u00fdch federac\u00ed v \u00fapln\u011b stejn\u00e9m duchu, jako tomu je u sportovc\u016f bez handicapu.<\/p>\n<p> Vezm\u011bme si za p\u0159\u00edklad cyklistiku, jej\u00ed\u017e syst\u00e9m je hodnocen jako nejpropracovan\u011bj\u0161\u00ed. Mno\u017estv\u00ed z\u00e1vod\u016f v r\u016fzn\u00fdch kategori\u00edch, kontinent\u00e1ln\u00ed poh\u00e1ry, sv\u011btov\u00e9 poh\u00e1ry, podpora junior\u016f, celosv\u011btov\u00fd ranking jednotlivc\u016f i dru\u017estev a zem\u00ed, cyklistika pro v\u0161echny, podpora rozvojov\u00fdch zem\u00ed, atd. Jak odli\u0161n\u00e9 od \u0159ady dal\u0161\u00edch sport\u016f, kter\u00e9 jen obt\u00ed\u017en\u011b organizuj\u00ed jednu \u010di dv\u011b v\u00fdznamn\u011bj\u0161\u00ed akce v roce, pokud v\u016fbec n\u011bco uspo\u0159\u00e1daj\u00ed.<\/p>\n<p> Model cyklistika m\u00e1 sv\u00e1 plus, ale i m\u00ednus.<br \/> Mezi plus bezesporu pat\u0159\u00ed v\u00fdkony cyklist\u016f, kter\u00e9 doslova berou dech a odborn\u00edci nesta\u010d\u00ed kroutit hlavou. Sv\u011btov\u00e9 rekordy zm\u011bn\u011bn\u00e9 v posledn\u00edch t\u0159ech letech a p\u0159edev\u0161\u00edm jejich \u00farove\u0148 jsou t\u00edm nejlep\u0161\u00edm d\u016fkazem o neust\u00e1le vzr\u016fstaj\u00edc\u00ed \u00farovni cyklistiky. Dal\u0161\u00edmi pozitivy jsou: obrovsk\u00e1 \u010dlensk\u00e1 z\u00e1kladna, podpora ml\u00e1de\u017ee, podpora dal\u0161\u00edch cyklistick\u00fdch discipl\u00edn &#8211; hovo\u0159\u00ed se o mo\u017enosti za\u010dlenit horsk\u00e1 kola do programu paralympijsk\u00fdch her, v\u00fdvoj zaznamenala technika, legislativa, propracovan\u00fd klasifika\u010dn\u00ed syst\u00e9m.<br \/> Kapitolou samotnou jsou pak sout\u011b\u017ee. Pyramida z\u00e1vod\u016f jde v ose Paralympijsk\u00e9 hry \u2013 mistrovstv\u00ed sv\u011bta \u2013 sv\u011btov\u00fd poh\u00e1r \u2013 kontinent\u00e1ln\u00ed poh\u00e1ry \u2013 z\u00e1vody etapov\u00e9 \u2013 z\u00e1vody kategori\u00ed P1 \u2013 P2, n\u00e1rodn\u00ed mistrovstv\u00ed \u2013 n\u00e1rodn\u00ed poh\u00e1ry \u2013 cyklistika for all&#8230;<br \/> Opravdu to funguje ji\u017e t\u0159et\u00edm rokem v praxi, jedn\u00edm slovem \u2013\u00fa\u017easn\u00e9.<\/p>\n<p> Toto m\u00e1 ale i sv\u00e1 negativa, kter\u00e1 m\u016f\u017eeme tak\u00e9 shrnout pod jedno slovo \u2013 finance. <br \/> Cel\u00e1 \u0159ada zem\u00ed jen velmi obt\u00ed\u017en\u011b hled\u00e1 finance na absolvov\u00e1n\u00ed t\u011bch nejd\u016fle\u017eit\u011bj\u0161\u00edch z\u00e1vod\u016f. O finan\u010dn\u00ed podpo\u0159e sv\u00fdch z\u00e1vodn\u00edk\u016f, tren\u00e9r\u016f a realiza\u010dn\u00edho t\u00fdmu v\u016fbec nemohou uva\u017eovat, to sam\u00e9 plat\u00ed pro po\u0159\u00e1d\u00e1n\u00ed z\u00e1vod\u016f, n\u00e1kup materi\u00e1lu \u010di podporu ml\u00e1de\u017ee a vytv\u00e1\u0159en\u00ed aktivit pro \u0161irokou z\u00e1kladnu. <br \/> Jedin\u00fdm \u0159e\u0161en\u00edm, jak udr\u017eet krok se sv\u011btem, je profesionalizace. Konkr\u00e9tn\u011b jde o finan\u010dn\u00ed zabezpe\u010den\u00ed z\u00e1vodn\u00edk\u016f, aby se zcela mohli v\u011bnovat tr\u00e9ninku, zabezpe\u010den\u00ed realiza\u010dn\u00edho t\u00fdmu, zaji\u0161t\u011bn\u00ed prost\u0159edk\u016f k absolvov\u00e1n\u00ed z\u00e1vod\u016f, zaji\u0161t\u011bn\u00ed center pro p\u0159\u00edpravu talent\u016f a ml\u00e1de\u017ee, anga\u017eov\u00e1n\u00ed tren\u00e9r\u016f s odpov\u00eddaj\u00edc\u00edm vzd\u011bl\u00e1n\u00edm a prax\u00ed. Bez toho lze jen obt\u00ed\u017en\u011b udr\u017eovat krok se zem\u011bmi, kter\u00e9 se ji\u017e profesionalizovaly.<\/p>\n<p> Netrouf\u00e1m si p\u0159edv\u00eddat, jak bude vypadat situace v \u010desk\u00e9m sportu handicapovan\u00fdch v bl\u00edzk\u00e9 budoucnosti. Aktu\u00e1ln\u011b m\u00e1m pocit, \u017ee m\u00e1v\u00e1me uj\u00ed\u017ed\u011bj\u00edc\u00edmu vlaku, kter\u00e9mu jsme je\u0161t\u011b doned\u00e1vna d\u011blali lokomotivu.<\/p>\n<p> Ale m\u00e1me pro v\u00e1s alespo\u0148 novou anketn\u00ed ot\u00e1zku glob\u00e1ln\u00edho charakteru:<\/p>\n<p> <strong> Mysl\u00edte si, \u017ee navzdory nep\u0159\u00edzniv\u00fdm podm\u00ednk\u00e1m sp\u011bje sport handicapovan\u00fdch k profesionalizaci a v budoucnu bude m\u00edt toto\u017enou podobu se sportem bez handicapu?<\/strong><\/p>\n<p> Hlasujte ANO \u2013 NE v na\u0161\u00ed anket\u011b!<\/p>\n","protected":false},"excerpt":{"rendered":"<a href=\"https:\/\/www.caths.cz\/wordpress\/je-profesionalizace-sportu-handicapovanych-nevyhnutelna\/\"><img loading=\"lazy\" decoding=\"async\" width=\"100\" height=\"100\" src=\"https:\/\/www.caths.cz\/wordpress\/wp-content\/plugins\/thumbnail-for-excerpts\/tfe_no_thumb.png\" class=\"alignleft wp-post-image tfe\" alt=\"\" title=\"\" \/><\/a><p>Paracyklistika, stoln\u00ed tenis \u010di lukost\u0159elba jsou sporty, kter\u00e9 p\u0159\u00edmo nespadaj\u00ed pod strategii a administrativu IPC, ale pod konkr\u00e9tn\u00ed mezin\u00e1rodn\u00ed federace. UCI, ITTF nebo FITA. V\u00fdsledkem tohoto je zcela jasn\u00e1 koncepce [&hellip;]<\/p>\n","protected":false},"author":1,"featured_media":0,"comment_status":"closed","ping_status":"closed","sticky":false,"template":"","format":"standard","meta":{"ngg_post_thumbnail":0,"footnotes":""},"categories":[39],"tags":[],"class_list":["post-1819","post","type-post","status-publish","format-standard","hentry","category-caths-anketa"],"_links":{"self":[{"href":"https:\/\/www.caths.cz\/wordpress\/wp-json\/wp\/v2\/posts\/1819","targetHints":{"allow":["GET"]}}],"collection":[{"href":"https:\/\/www.caths.cz\/wordpress\/wp-json\/wp\/v2\/posts"}],"about":[{"href":"https:\/\/www.caths.cz\/wordpress\/wp-json\/wp\/v2\/types\/post"}],"author":[{"embeddable":true,"href":"https:\/\/www.caths.cz\/wordpress\/wp-json\/wp\/v2\/users\/1"}],"replies":[{"embeddable":true,"href":"https:\/\/www.caths.cz\/wordpress\/wp-json\/wp\/v2\/comments?post=1819"}],"version-history":[{"count":0,"href":"https:\/\/www.caths.cz\/wordpress\/wp-json\/wp\/v2\/posts\/1819\/revisions"}],"wp:attachment":[{"href":"https:\/\/www.caths.cz\/wordpress\/wp-json\/wp\/v2\/media?parent=1819"}],"wp:term":[{"taxonomy":"category","embeddable":true,"href":"https:\/\/www.caths.cz\/wordpress\/wp-json\/wp\/v2\/categories?post=1819"},{"taxonomy":"post_tag","embeddable":true,"href":"https:\/\/www.caths.cz\/wordpress\/wp-json\/wp\/v2\/tags?post=1819"}],"curies":[{"name":"wp","href":"https:\/\/api.w.org\/{rel}","templated":true}]}}