{"id":1772,"date":"2011-02-15T11:29:14","date_gmt":"2011-02-15T10:29:14","guid":{"rendered":"http:\/\/www.caths.cz\/wordpress\/?p=1772"},"modified":"2011-02-15T11:29:14","modified_gmt":"2011-02-15T10:29:14","slug":"treninkova-poradna-otazka-29-jak-se-dostat-k-handbike-proc-byt-handbikerem-a-jak-se-stat-handbikerem","status":"publish","type":"post","link":"https:\/\/www.caths.cz\/wordpress\/treninkova-poradna-otazka-29-jak-se-dostat-k-handbike-proc-byt-handbikerem-a-jak-se-stat-handbikerem\/","title":{"rendered":"Tr\u00e9ninkov\u00e1 poradna, ot\u00e1zka 29. &#8211; Jak se dostat k handbike, pro\u010d b\u00fdt handbikerem a jak se st\u00e1t handbikerem"},"content":{"rendered":"<p align=\"justify\">Opakovan\u011b jsem b\u011bhem leto\u0161n\u00ed zimy dostal tyto a podobn\u00e9 ot\u00e1zky:<\/p>\n<p> <strong> Jak se \u010dlov\u011bk dostane k handbike?<\/strong><\/p>\n<p><img decoding=\"async\" src=\"\/wordpress\/image\/k_clankum\/tp29_1.jpg\" ALIGN=\"right\" HSPACE=5 VSPACE=5> <em> &#8222;\u00davodn\u00ed sezn\u00e1men\u00ed s mo\u017enostmi sportu handicapovan\u00fdch zpravidla prob\u00edh\u00e1 v rehabilita\u010dn\u00edch centrech, kter\u00e1 po opu\u0161t\u011bn\u00ed nemocnice nav\u0161t\u00edv\u00ed v\u011bt\u0161ina lid\u00ed, kte\u0159\u00ed byli nuceni, vlivem \u00farazu \u010di nemoci, usednout na invalidn\u00ed voz\u00edk. Zde tak\u00e9 b\u00fdv\u00e1 prvn\u00ed mo\u017enost vyzkou\u0161et si j\u00edzdu na handbike.&#8220;<\/em><\/p>\n<p> <strong> Pro\u010d se st\u00e1t handbikerem?<\/strong><\/p>\n<p> <em>&#8222;Handbike umo\u017e\u0148uje ka\u017edodenn\u00ed sportovn\u00ed aktivitu na v\u0161ech v\u00fdkonnostn\u00edch \u00farovn\u00edch. Handbike umo\u017e\u0148uje plnohodnotnou mobilitu v p\u0159\u00edrod\u011b, toto\u017enou s cyklistikou. Handbike je rehabilita\u010dn\u00ed prost\u0159edek, kter\u00fd zat\u011b\u017euje a posiluje i jin\u00e9 svalov\u00e9 skupiny, ne\u017e kter\u00e9 \u010dlov\u011bk na voz\u00edku b\u011b\u017en\u011b pou\u017e\u00edv\u00e1. Handbike umo\u017enuje v\u00fdkonnostn\u00ed r\u016fst, specializaci, ale i plnohodnotn\u00fd kondi\u010dn\u00ed tr\u00e9nink vhodn\u00fd pro jin\u00e9 sportovn\u00ed specialisty.&#8220;<\/em><\/p>\n<p> <strong> Jak se st\u00e1t handbikerem?<\/strong><\/p>\n<p> <em>&#8222;Mo\u017en\u00e1 to bude p\u0159ekvapiv\u00e9, ale velmi snadno. V \u010cesk\u00e9 republice toti\u017e existuje n\u011bkolik dob\u0159e funguj\u00edc\u00edch v\u00fdkonnostn\u00edch \u00farovn\u00ed pro j\u00edzdu na handbike a bez nads\u00e1zky lze \u0159\u00edci, \u017ee v tomto ohledu pat\u0159\u00edme ke sv\u011btov\u00e9 \u0161pi\u010dce. <br \/><img decoding=\"async\" src=\"\/wordpress\/image\/k_clankum\/tp29_2.jpg\" ALIGN=\"right\" HSPACE=5 VSPACE=5>M\u00e1me n\u011bkolik organizac\u00ed a klub\u016f, kter\u00e9 zap\u016fj\u010d\u00ed handbike, porad\u00ed se z\u00e1klady j\u00edzdy, \u00favodn\u00edm tr\u00e9ninkem \u010di zakoupen\u00edm tohoto stroje dle individu\u00e1ln\u00edch pot\u0159eb. <br \/>D\u00e1le organizujeme cel\u00e9 spektrum akc\u00ed pro \u0161irokou handbikovou ve\u0159ejnost. Zm\u00ednil bych p\u0159edev\u0161\u00edm z\u00e1vody po\u0159\u00e1dan\u00e9 v r\u00e1mci projektu &#8222;Poje\u010f s n\u00e1mi&#8220;- Ligu Cyklovary a \u010cesk\u00fd poh\u00e1r MTB handicapovan\u00fdch cyklist\u016f, kde je vyps\u00e1na kategorie ter\u00e9nn\u00ed handbike.<br \/> Pro jezdce s v\u00fdkonnostn\u00edmi ambicemi pak m\u00e1me mnohad\u00edln\u00fd seri\u00e1l silni\u010dn\u00edho \u010cesk\u00e9ho poh\u00e1ru, kter\u00fd po\u0159\u00e1d\u00e1 klub Handbike \u010cR, ve spolupr\u00e1ci s \u010ceskou asociac\u00ed t\u011blesn\u011b handicapovan\u00fdch sportovc\u016f. \u010cP handbike p\u0159edstavuje evropskou \u0161pi\u010dku t\u011bchto z\u00e1vod\u016f, jak po str\u00e1nce organiza\u010dn\u00ed, integra\u010dn\u00ed, ale i v\u00fdkonnostn\u00ed &#8211; z\u00e1vodit k n\u00e1m jezd\u00ed borci z nejr\u016fzn\u011bj\u0161\u00edch zem\u00ed. <br \/>A \u00fapln\u011b nejv\u00fd\u0161e pak jsou dva podniky kategorie P1 UCI, kter\u00e9 v \u010cesk\u00e9 republice po\u0159\u00e1d\u00e1me, Evropsk\u00fd poh\u00e1r EHC v Lounech a Evropsk\u00fd poh\u00e1r v Praze na Strahov\u011b.&#8220;<\/em><\/p>\n<p> Tak se k n\u00e1m p\u0159idejte i VY &#8211; za\u010dn\u011bte jezdit na handbike, za\u010dn\u011bte z\u00e1vodit, je to z\u00e1vod, kter\u00fd nem\u016f\u017eete prohr\u00e1t.<\/p>\n<p> \/Viktor Zapletal\/<\/p>\n","protected":false},"excerpt":{"rendered":"<a href=\"https:\/\/www.caths.cz\/wordpress\/treninkova-poradna-otazka-29-jak-se-dostat-k-handbike-proc-byt-handbikerem-a-jak-se-stat-handbikerem\/\"><img loading=\"lazy\" decoding=\"async\" width=\"100\" height=\"100\" src=\"https:\/\/www.caths.cz\/wordpress\/wp-content\/plugins\/thumbnail-for-excerpts\/tfe_no_thumb.png\" class=\"alignleft wp-post-image tfe\" alt=\"\" title=\"\" \/><\/a><p>Opakovan\u011b jsem b\u011bhem leto\u0161n\u00ed zimy dostal tyto a podobn\u00e9 ot\u00e1zky: Jak se \u010dlov\u011bk dostane k handbike? &#8222;\u00davodn\u00ed sezn\u00e1men\u00ed s mo\u017enostmi sportu handicapovan\u00fdch zpravidla prob\u00edh\u00e1 v rehabilita\u010dn\u00edch centrech, kter\u00e1 po opu\u0161t\u011bn\u00ed [&hellip;]<\/p>\n","protected":false},"author":1,"featured_media":0,"comment_status":"closed","ping_status":"closed","sticky":false,"template":"","format":"standard","meta":{"ngg_post_thumbnail":0,"footnotes":""},"categories":[26],"tags":[],"class_list":["post-1772","post","type-post","status-publish","format-standard","hentry","category-treninkova-poradna"],"_links":{"self":[{"href":"https:\/\/www.caths.cz\/wordpress\/wp-json\/wp\/v2\/posts\/1772","targetHints":{"allow":["GET"]}}],"collection":[{"href":"https:\/\/www.caths.cz\/wordpress\/wp-json\/wp\/v2\/posts"}],"about":[{"href":"https:\/\/www.caths.cz\/wordpress\/wp-json\/wp\/v2\/types\/post"}],"author":[{"embeddable":true,"href":"https:\/\/www.caths.cz\/wordpress\/wp-json\/wp\/v2\/users\/1"}],"replies":[{"embeddable":true,"href":"https:\/\/www.caths.cz\/wordpress\/wp-json\/wp\/v2\/comments?post=1772"}],"version-history":[{"count":0,"href":"https:\/\/www.caths.cz\/wordpress\/wp-json\/wp\/v2\/posts\/1772\/revisions"}],"wp:attachment":[{"href":"https:\/\/www.caths.cz\/wordpress\/wp-json\/wp\/v2\/media?parent=1772"}],"wp:term":[{"taxonomy":"category","embeddable":true,"href":"https:\/\/www.caths.cz\/wordpress\/wp-json\/wp\/v2\/categories?post=1772"},{"taxonomy":"post_tag","embeddable":true,"href":"https:\/\/www.caths.cz\/wordpress\/wp-json\/wp\/v2\/tags?post=1772"}],"curies":[{"name":"wp","href":"https:\/\/api.w.org\/{rel}","templated":true}]}}