{"id":1770,"date":"2011-02-14T13:59:14","date_gmt":"2011-02-14T12:59:14","guid":{"rendered":"http:\/\/www.caths.cz\/wordpress\/?p=1770"},"modified":"2011-02-14T13:59:14","modified_gmt":"2011-02-14T12:59:14","slug":"jake-jsou-dusledky-zrusene-zimni-deaflympiady","status":"publish","type":"post","link":"https:\/\/www.caths.cz\/wordpress\/jake-jsou-dusledky-zrusene-zimni-deaflympiady\/","title":{"rendered":"Jak\u00e9 jsou d\u016fsledky zru\u0161en\u00e9 zimn\u00ed Deaflympi\u00e1dy?"},"content":{"rendered":"<p align=\"justify\">N\u011bkter\u00e9 zahrani\u010dn\u00ed v\u00fdpravy u\u017e jsou v d\u011bji\u0161ti zru\u0161en\u00e9 zimn\u00ed Deaflympi\u00e1dy. Na\u0161e v\u00fdprava m\u011bla odcestovat dnes a narychlo ru\u0161\u00ed odjezd. Podobn\u00fd obr\u00e1zek se d\u011bje v \u0159ad\u011b zem\u00ed sv\u011bta a p\u0159evl\u00e1d\u00e1 \u0161ok ze zru\u0161en\u00e9 zimn\u00ed Deaflympi\u00e1dy.<\/p>\n<p align=\"justify\">Jak se n\u011bco takov\u00e9ho v\u016fbec m\u016f\u017ee, v dne\u0161n\u00ed dob\u011b pln\u00e9 finan\u010dn\u00edch a pr\u00e1vn\u00edch z\u00e1ruk, p\u0159ihodit? Kdo je za tento stav v\u011bci, s jen t\u011b\u017eko specifikovan\u00fdmi d\u016fsledky, odpov\u011bdn\u00fd?<br \/> Kdy\u017e pomineme ztr\u00e1ty duchovn\u00ed, mor\u00e1ln\u00ed a etick\u00e9, otv\u00edr\u00e1 se p\u0159ed n\u00e1mi cel\u00e9 spektrum d\u016fsledk\u016f z oblasti ekonomicko-pr\u00e1vn\u00ed, kter\u00e9 bude cht\u00edt, d\u0159\u00edv nebo pozd\u011bji, plno lid\u00ed vy\u0159e\u0161it. Stornovan\u00e9 hotely, letenky, transfery, poplatky na stran\u011b jedn\u00e9 a vyblokovan\u00e1, nevyu\u017eit\u00e1 kapacita vysokotatransk\u00fdch hotel\u016f, sjezdovek, restaurac\u00ed v pln\u00e9 zimn\u00ed sez\u00f3n\u011b na stran\u011b druh\u00e9. Finan\u010dn\u00ed d\u016fsledky a ztr\u00e1ty se v\u016fbec neodva\u017eujeme odhadnout.<br \/> Velmi n\u00e1s bude zaj\u00edmat, jak se k cel\u00e9 v\u011bci postav\u00ed slovensk\u00e1 vl\u00e1da \u010di p\u0159edstavitel\u00e9 ICSD. Ne\u00fasp\u011bch t\u00e9to akce by m\u011bl b\u00fdt pou\u010den\u00edm a varov\u00e1n\u00edm pro cel\u00fd sport handicapovan\u00fdch. Bohu\u017eel zat\u00edm jedinou reakc\u00ed slovensk\u00e9ho organiza\u010dn\u00edho v\u00fdboru je to, \u017ee zru\u0161il ofici\u00e1ln\u00ed str\u00e1nky zimn\u00ed Deaflympi\u00e1dy\u2026<\/p>\n","protected":false},"excerpt":{"rendered":"<a href=\"https:\/\/www.caths.cz\/wordpress\/jake-jsou-dusledky-zrusene-zimni-deaflympiady\/\"><img loading=\"lazy\" decoding=\"async\" width=\"100\" height=\"100\" src=\"https:\/\/www.caths.cz\/wordpress\/wp-content\/plugins\/thumbnail-for-excerpts\/tfe_no_thumb.png\" class=\"alignleft wp-post-image tfe\" alt=\"\" title=\"\" \/><\/a><p>N\u011bkter\u00e9 zahrani\u010dn\u00ed v\u00fdpravy u\u017e jsou v d\u011bji\u0161ti zru\u0161en\u00e9 zimn\u00ed Deaflympi\u00e1dy. Na\u0161e v\u00fdprava m\u011bla odcestovat dnes a narychlo ru\u0161\u00ed odjezd. Podobn\u00fd obr\u00e1zek se d\u011bje v \u0159ad\u011b zem\u00ed sv\u011bta a p\u0159evl\u00e1d\u00e1 \u0161ok [&hellip;]<\/p>\n","protected":false},"author":1,"featured_media":0,"comment_status":"closed","ping_status":"closed","sticky":false,"template":"","format":"standard","meta":{"ngg_post_thumbnail":0,"footnotes":""},"categories":[6],"tags":[],"class_list":["post-1770","post","type-post","status-publish","format-standard","hentry","category-caths-info"],"_links":{"self":[{"href":"https:\/\/www.caths.cz\/wordpress\/wp-json\/wp\/v2\/posts\/1770","targetHints":{"allow":["GET"]}}],"collection":[{"href":"https:\/\/www.caths.cz\/wordpress\/wp-json\/wp\/v2\/posts"}],"about":[{"href":"https:\/\/www.caths.cz\/wordpress\/wp-json\/wp\/v2\/types\/post"}],"author":[{"embeddable":true,"href":"https:\/\/www.caths.cz\/wordpress\/wp-json\/wp\/v2\/users\/1"}],"replies":[{"embeddable":true,"href":"https:\/\/www.caths.cz\/wordpress\/wp-json\/wp\/v2\/comments?post=1770"}],"version-history":[{"count":0,"href":"https:\/\/www.caths.cz\/wordpress\/wp-json\/wp\/v2\/posts\/1770\/revisions"}],"wp:attachment":[{"href":"https:\/\/www.caths.cz\/wordpress\/wp-json\/wp\/v2\/media?parent=1770"}],"wp:term":[{"taxonomy":"category","embeddable":true,"href":"https:\/\/www.caths.cz\/wordpress\/wp-json\/wp\/v2\/categories?post=1770"},{"taxonomy":"post_tag","embeddable":true,"href":"https:\/\/www.caths.cz\/wordpress\/wp-json\/wp\/v2\/tags?post=1770"}],"curies":[{"name":"wp","href":"https:\/\/api.w.org\/{rel}","templated":true}]}}