{"id":1769,"date":"2011-02-13T10:11:57","date_gmt":"2011-02-13T09:11:57","guid":{"rendered":"http:\/\/www.caths.cz\/wordpress\/?p=1769"},"modified":"2011-02-13T10:11:57","modified_gmt":"2011-02-13T09:11:57","slug":"deaflympiada-na-slovensku-byla-zrusena","status":"publish","type":"post","link":"https:\/\/www.caths.cz\/wordpress\/deaflympiada-na-slovensku-byla-zrusena\/","title":{"rendered":"Deaflympi\u00e1da na Slovensku byla zru\u0161ena!"},"content":{"rendered":"<p align=\"justify\">\nP\u0159in\u00e1\u0161\u00edme v\u00e1m v\u00edce ne\u017e ohromuj\u00edc\u00ed zpr\u00e1vu \u2013 pouh\u00fdch p\u00e1r dn\u00ed p\u0159ed slavnostn\u00edm zah\u00e1jen\u00edm byla zru\u0161ena zimn\u00ed Deaflympi\u00e1da na Slovensku.<\/p>\n<p align=\"justify\"> O tom, \u017ee Slovensko ani n\u00e1hodou nen\u00ed p\u0159ipraveno na tuto vrcholnou akci, se v\u011bd\u011blo ji\u017e dlouho, p\u0159esto funcion\u00e1\u0159i ICSD p\u0159elo\u017een\u00ed deaflympi\u00e1dy z nepochopiteln\u00fdch d\u016fvod\u016f st\u00e1le odkl\u00e1dali, p\u0159esto\u017ee se nab\u00edzela mo\u017enost p\u0159elo\u017eit hry do jin\u00e9 zem\u011b, nap\u0159. do Rakouska.<br \/> O obrovsk\u00e9 mezin\u00e1rodn\u00ed ostud\u011b nejenom pro cel\u00e9 Slovensko, ale i pro p\u0159\u00edslu\u0161n\u00e9 a odpov\u011bdn\u00e9 p\u0159edstavitele ICSD net\u0159eba hovo\u0159it.<br \/> Jen t\u011b\u017eko se ale lze vc\u00edtit do pocit\u016f sportovc\u016f a jejich tren\u00e9r\u016f, kte\u0159\u00ed se, na cel\u00e9m sv\u011bt\u011b, na tuto mimo\u0159\u00e1dnou sportovn\u00ed akci p\u0159ipravovali.<\/p>\n<p> Prohl\u00e1\u0161en\u00ed v\u00fdboru ICSD <a href=\"http:\/\/www.deaflympics.com\/news\/pressreleases.asp?ID=1542\"><font color=\"#0066CC\">zde <\/font><\/a><\/p>\n","protected":false},"excerpt":{"rendered":"<a href=\"https:\/\/www.caths.cz\/wordpress\/deaflympiada-na-slovensku-byla-zrusena\/\"><img loading=\"lazy\" decoding=\"async\" width=\"100\" height=\"100\" src=\"https:\/\/www.caths.cz\/wordpress\/wp-content\/plugins\/thumbnail-for-excerpts\/tfe_no_thumb.png\" class=\"alignleft wp-post-image tfe\" alt=\"\" title=\"\" \/><\/a><p>P\u0159in\u00e1\u0161\u00edme v\u00e1m v\u00edce ne\u017e ohromuj\u00edc\u00ed zpr\u00e1vu \u2013 pouh\u00fdch p\u00e1r dn\u00ed p\u0159ed slavnostn\u00edm zah\u00e1jen\u00edm byla zru\u0161ena zimn\u00ed Deaflympi\u00e1da na Slovensku. O tom, \u017ee Slovensko ani n\u00e1hodou nen\u00ed p\u0159ipraveno na tuto vrcholnou [&hellip;]<\/p>\n","protected":false},"author":1,"featured_media":0,"comment_status":"closed","ping_status":"closed","sticky":false,"template":"","format":"standard","meta":{"ngg_post_thumbnail":0,"footnotes":""},"categories":[1],"tags":[],"class_list":["post-1769","post","type-post","status-publish","format-standard","hentry","category-nezarazene"],"_links":{"self":[{"href":"https:\/\/www.caths.cz\/wordpress\/wp-json\/wp\/v2\/posts\/1769","targetHints":{"allow":["GET"]}}],"collection":[{"href":"https:\/\/www.caths.cz\/wordpress\/wp-json\/wp\/v2\/posts"}],"about":[{"href":"https:\/\/www.caths.cz\/wordpress\/wp-json\/wp\/v2\/types\/post"}],"author":[{"embeddable":true,"href":"https:\/\/www.caths.cz\/wordpress\/wp-json\/wp\/v2\/users\/1"}],"replies":[{"embeddable":true,"href":"https:\/\/www.caths.cz\/wordpress\/wp-json\/wp\/v2\/comments?post=1769"}],"version-history":[{"count":0,"href":"https:\/\/www.caths.cz\/wordpress\/wp-json\/wp\/v2\/posts\/1769\/revisions"}],"wp:attachment":[{"href":"https:\/\/www.caths.cz\/wordpress\/wp-json\/wp\/v2\/media?parent=1769"}],"wp:term":[{"taxonomy":"category","embeddable":true,"href":"https:\/\/www.caths.cz\/wordpress\/wp-json\/wp\/v2\/categories?post=1769"},{"taxonomy":"post_tag","embeddable":true,"href":"https:\/\/www.caths.cz\/wordpress\/wp-json\/wp\/v2\/tags?post=1769"}],"curies":[{"name":"wp","href":"https:\/\/api.w.org\/{rel}","templated":true}]}}