{"id":1768,"date":"2011-02-12T19:32:31","date_gmt":"2011-02-12T18:32:31","guid":{"rendered":"http:\/\/www.caths.cz\/wordpress\/?p=1768"},"modified":"2011-02-12T19:32:31","modified_gmt":"2011-02-12T18:32:31","slug":"cesi-v-prvnim-zapase-na-me-deklasovali-svedsko-70","status":"publish","type":"post","link":"https:\/\/www.caths.cz\/wordpress\/cesi-v-prvnim-zapase-na-me-deklasovali-svedsko-70\/","title":{"rendered":"\u010ce\u0161i v prvn\u00edm z\u00e1pase na ME deklasovali \u0160v\u00e9dsko 7:0"},"content":{"rendered":"<p align=\"justify\">\nP\u0159esn\u011b v 13:30 nastoupili k prvn\u00edmu utk\u00e1n\u00ed \u010de\u0161t\u00ed hr\u00e1\u010di proti dom\u00e1c\u00edm \u0160v\u00e9d\u016fm. \u0160v\u00e9dsk\u00e1 sestava mnoh\u00e9 p\u0159ekvapila \u2013 na soupisce bylo v\u010detn\u011b brank\u00e1\u0159\u016f pouze 10 jmen. \u0160v\u00e9dsk\u00fd sledge hokej tak asi za\u017e\u00edv\u00e1 jednu z kriz\u00ed v t\u00fdmu.<\/p>\n<p align=\"justify\"> Na\u0161i hr\u00e1\u010di zah\u00e1jili z\u00e1pas ve velk\u00e9m stylu a ji\u017e ve druh\u00e9 minut\u011b vst\u0159elil Zden\u011bk \u0160afr\u00e1nek prvn\u00ed branku. B\u011bhem prvn\u00ed t\u0159etiny pak \u010ce\u0161i vst\u0159elili je\u0161t\u011b 3 branky a stav byl 4:0. Nakonec se poda\u0159ilo \u010desk\u00fdm hr\u00e1\u010d\u016fm vst\u0159elit do konce z\u00e1pasu je\u0161t\u011b t\u0159i g\u00f3ly a z\u00e1pas skon\u010dil v\u00fdsledkem 7:0 pro na\u0161e hr\u00e1\u010de.<\/p>\n<p> Cel\u00fd z\u00e1pas sledovalo asi 100 div\u00e1k\u016f, co\u017e je vzhledem k tomu, \u017ee hr\u00e1li dom\u00e1c\u00ed \u0160v\u00e9dov\u00e9 \u017ealostn\u011b m\u00e1lo. Bohu\u017eel ani organiz\u00e1tor\u016fm se p\u0159\u00edli\u0161 neda\u0159\u00ed. Nap\u0159. led na plo\u0161e nen\u00ed zp\u016fsobil\u00fd a za brankou jsou v pr\u016fb\u011bhu z\u00e1pasu kalu\u017ee vody. <\/p>\n<p> Ve skupin\u011b B dnes je\u0161t\u011b nastoupili k z\u00e1pasu It\u00e1lie a Rusko, ve kter\u00e9m zv\u00edt\u011bzil italsk\u00fd t\u00fdm 3:0. <\/p>\n<p> Branky a nahr\u00e1vky: 2. \u0160AFR\u00c1NEK ZDEN\u011aK (BERGER Ji\u0159\u00ed), 7. GEIER Michal (\u0160afr\u00e1nek), 10. RAUL Ji\u0159\u00ed (Krupi\u010dka Zden\u011bk, PAL\u00c1T David), 14. GEIER Michal (H\u00e1bl), 25. RAUL Ji\u0159\u00ed (Fojt\u00edk Erik), 34. GEIER Michal (H\u00e1bl, Kvoch), 45. Krupi\u010dka Zden\u011bk (RAUL Ji\u0159\u00ed). Rozhod\u010d\u00ed: Scanacapra &#8211; Toode, Louis. Div\u00e1ci: 100. <\/p>\n<p>z\u00e1znam utk\u00e1n\u00ed m\u016f\u017eete sledovat <a href=\"http:\/\/ostatni-sporty.tvcom.cz\/video\/7603-czech-rep-vs-sweden-sledge-hockey-paralympic-winter-world-cup-2011-solleftea.htm\"><font color=\"#0066CC\">zde <\/font><\/a><\/p>\n","protected":false},"excerpt":{"rendered":"<a href=\"https:\/\/www.caths.cz\/wordpress\/cesi-v-prvnim-zapase-na-me-deklasovali-svedsko-70\/\"><img loading=\"lazy\" decoding=\"async\" width=\"100\" height=\"100\" src=\"https:\/\/www.caths.cz\/wordpress\/wp-content\/plugins\/thumbnail-for-excerpts\/tfe_no_thumb.png\" class=\"alignleft wp-post-image tfe\" alt=\"\" title=\"\" \/><\/a><p>P\u0159esn\u011b v 13:30 nastoupili k prvn\u00edmu utk\u00e1n\u00ed \u010de\u0161t\u00ed hr\u00e1\u010di proti dom\u00e1c\u00edm \u0160v\u00e9d\u016fm. \u0160v\u00e9dsk\u00e1 sestava mnoh\u00e9 p\u0159ekvapila \u2013 na soupisce bylo v\u010detn\u011b brank\u00e1\u0159\u016f pouze 10 jmen. \u0160v\u00e9dsk\u00fd sledge hokej tak asi [&hellip;]<\/p>\n","protected":false},"author":1,"featured_media":0,"comment_status":"closed","ping_status":"closed","sticky":false,"template":"","format":"standard","meta":{"ngg_post_thumbnail":0,"footnotes":""},"categories":[17],"tags":[],"class_list":["post-1768","post","type-post","status-publish","format-standard","hentry","category-sledge-hokej"],"_links":{"self":[{"href":"https:\/\/www.caths.cz\/wordpress\/wp-json\/wp\/v2\/posts\/1768","targetHints":{"allow":["GET"]}}],"collection":[{"href":"https:\/\/www.caths.cz\/wordpress\/wp-json\/wp\/v2\/posts"}],"about":[{"href":"https:\/\/www.caths.cz\/wordpress\/wp-json\/wp\/v2\/types\/post"}],"author":[{"embeddable":true,"href":"https:\/\/www.caths.cz\/wordpress\/wp-json\/wp\/v2\/users\/1"}],"replies":[{"embeddable":true,"href":"https:\/\/www.caths.cz\/wordpress\/wp-json\/wp\/v2\/comments?post=1768"}],"version-history":[{"count":0,"href":"https:\/\/www.caths.cz\/wordpress\/wp-json\/wp\/v2\/posts\/1768\/revisions"}],"wp:attachment":[{"href":"https:\/\/www.caths.cz\/wordpress\/wp-json\/wp\/v2\/media?parent=1768"}],"wp:term":[{"taxonomy":"category","embeddable":true,"href":"https:\/\/www.caths.cz\/wordpress\/wp-json\/wp\/v2\/categories?post=1768"},{"taxonomy":"post_tag","embeddable":true,"href":"https:\/\/www.caths.cz\/wordpress\/wp-json\/wp\/v2\/tags?post=1768"}],"curies":[{"name":"wp","href":"https:\/\/api.w.org\/{rel}","templated":true}]}}